{"id":753,"date":"2021-11-22T16:03:51","date_gmt":"2021-11-22T16:03:51","guid":{"rendered":"https:\/\/www.creative-europe.lu\/?p=753"},"modified":"2022-01-28T12:13:50","modified_gmt":"2022-01-28T11:13:50","slug":"efm-berlin-2022-inscriptions-ombrelle-media","status":"publish","type":"post","link":"https:\/\/creative-europe.lu\/fr\/efm-berlin-2022-inscriptions-ombrelle-media\/","title":{"rendered":"EFM Berlin 2022 &#8211; inscriptions ombrelle MEDIA"},"content":{"rendered":"<div class=\"wpb-content-wrapper\"><p>[vc_row][vc_column width=\u00a0\u00bb1\/2&Prime;][vc_column_text]Les inscriptions \u00e0 l\u2019ombrelle Europe Cr\u00e9ative MEDIA au European Film Market \u00e0 Berlin 2022 sont d\u00e9sormais ouvertes.<\/p>\n<p>L&rsquo;ombrelle h\u00e9bergera environ 180 inscrits (soci\u00e9t\u00e9s de production et de distribution europ\u00e9ennes), qui pourront profiter des services et des installations propos\u00e9s l\u2019ombrelle pour faire leurs rendez-vous sur le march\u00e9 : tables de r\u00e9union, bar \u00e0 caf\u00e9, service de messagerie, h\u00f4tesses, wifi, espace de rangement\/vestiaire etc.<\/p>\n<p>Les soci\u00e9t\u00e9s int\u00e9ress\u00e9es sont pri\u00e9es de remplir la fiche d\u2019inscription\u00a0ci-dessous; en cas de s\u00e9lection elles seront contact\u00e9es par les responsables de l\u2019ombrelle pour l\u2019inscription d\u00e9finitive.<\/p>\n<p>Pour de plus amples informations, n\u2019h\u00e9sitez pas \u00e0 contacter le Desk, ou \u00e0 faire un courriel \u00e0 <a href=\"&#99;&#x6c;a&#117;&#x64;i&#x61;&#x40;&#109;&#x65;d&#105;&#x61;-&#115;&#x74;&#97;&#x6e;d&#115;&#x2e;e&#117;\">media-stands<\/a>.<\/p>\n<p>Veuillez noter que l\u2019inscription \u00e0 l\u2019ombrelle est r\u00e9serv\u00e9e aux accr\u00e9dit\u00e9.e.s du March\u00e9 du Film. De plus amples informations sur les diff\u00e9rents types d\u2019accr\u00e9ditation et l\u2019acc\u00e8s au Martin Gropius sont disponibles sur <a href=\"http:\/\/EFM Accreditation - European Film Market (efm-berlinale.de)\">le site du EFM<\/a>.[\/vc_column_text][\/vc_column][vc_column width=\u00a0\u00bb1\/2&Prime;][vc_gallery interval=\u00a0\u00bb3&Prime; images=\u00a0\u00bb754&Prime; img_size=\u00a0\u00bbfull\u00a0\u00bb][\/vc_column][\/vc_row][vc_row][vc_column][vc_btn title=\u00a0\u00bbInscriptions\u00a0\u00bb link=\u00a0\u00bburl:http%3A%2F%2Fwww.media-stands.eu%2Findex.php%2Fhomepage%2Fmarkets%2Feuropean-film-market%2Fregistration%2F|target:_blank\u00a0\u00bb][\/vc_column][\/vc_row]<\/p>\n<\/div>","protected":false},"excerpt":{"rendered":"<p>[vc_row][vc_column width=\u00a0\u00bb1\/2&Prime;][vc_column_text]Les inscriptions \u00e0 l\u2019ombrelle Europe Cr\u00e9ative MEDIA au European Film Market \u00e0 Berlin 2022 sont d\u00e9sormais ouvertes. L&rsquo;ombrelle h\u00e9bergera environ 180 inscrits (soci\u00e9t\u00e9s de production et de distribution europ\u00e9ennes), qui pourront profiter des services et des installations propos\u00e9s l\u2019ombrelle pour faire leurs rendez-vous sur le march\u00e9 : tables de r\u00e9union, bar \u00e0 caf\u00e9, service [&hellip;]<\/p>\n","protected":false},"author":3,"featured_media":754,"comment_status":"open","ping_status":"closed","sticky":false,"template":"","format":"standard","meta":{"_acf_changed":false,"inline_featured_image":false,"footnotes":""},"categories":[17],"tags":[],"class_list":["post-753","post","type-post","status-publish","format-standard","has-post-thumbnail","hentry","category-media"],"acf":[],"yoast_head":"<!-- This site is optimized with the Yoast SEO plugin v27.3 - https:\/\/yoast.com\/product\/yoast-seo-wordpress\/ -->\n<title>EFM Berlin 2022 - inscriptions ombrelle MEDIA - Creative Europe<\/title>\n<meta name=\"robots\" content=\"index, follow, max-snippet:-1, max-image-preview:large, max-video-preview:-1\" \/>\n<link rel=\"canonical\" href=\"https:\/\/creative-europe.lu\/fr\/efm-berlin-2022-inscriptions-ombrelle-media\/\" \/>\n<meta property=\"og:locale\" content=\"fr_FR\" \/>\n<meta property=\"og:type\" content=\"article\" \/>\n<meta property=\"og:title\" content=\"EFM Berlin 2022 - inscriptions ombrelle MEDIA - Creative Europe\" \/>\n<meta property=\"og:description\" content=\"[vc_row][vc_column width=\u00a0\u00bb1\/2&Prime;][vc_column_text]Les inscriptions \u00e0 l\u2019ombrelle Europe Cr\u00e9ative MEDIA au European Film Market \u00e0 Berlin 2022 sont d\u00e9sormais ouvertes. L&rsquo;ombrelle h\u00e9bergera environ 180 inscrits (soci\u00e9t\u00e9s de production et de distribution europ\u00e9ennes), qui pourront profiter des services et des installations propos\u00e9s l\u2019ombrelle pour faire leurs rendez-vous sur le march\u00e9 : tables de r\u00e9union, bar \u00e0 caf\u00e9, service [&hellip;]\" \/>\n<meta property=\"og:url\" content=\"https:\/\/creative-europe.lu\/fr\/efm-berlin-2022-inscriptions-ombrelle-media\/\" \/>\n<meta property=\"og:site_name\" content=\"Creative Europe\" \/>\n<meta property=\"article:published_time\" content=\"2021-11-22T16:03:51+00:00\" \/>\n<meta property=\"article:modified_time\" content=\"2022-01-28T11:13:50+00:00\" \/>\n<meta property=\"og:image\" content=\"https:\/\/creative-europe.lu\/wp-content\/uploads\/2021\/11\/STZ_3946-scaled.jpeg\" \/>\n\t<meta property=\"og:image:width\" content=\"2560\" \/>\n\t<meta property=\"og:image:height\" content=\"1707\" \/>\n\t<meta property=\"og:image:type\" content=\"image\/jpeg\" \/>\n<meta name=\"author\" content=\"Carole\" \/>\n<meta name=\"twitter:card\" content=\"summary_large_image\" \/>\n<meta name=\"twitter:label1\" content=\"\u00c9crit par\" \/>\n\t<meta name=\"twitter:data1\" content=\"Carole\" \/>\n\t<meta name=\"twitter:label2\" content=\"Dur\u00e9e de lecture estim\u00e9e\" \/>\n\t<meta name=\"twitter:data2\" content=\"1 minute\" \/>\n<script type=\"application\/ld+json\" class=\"yoast-schema-graph\">{\"@context\":\"https:\\\/\\\/schema.org\",\"@graph\":[{\"@type\":\"Article\",\"@id\":\"https:\\\/\\\/creative-europe.lu\\\/fr\\\/efm-berlin-2022-inscriptions-ombrelle-media\\\/#article\",\"isPartOf\":{\"@id\":\"https:\\\/\\\/creative-europe.lu\\\/fr\\\/efm-berlin-2022-inscriptions-ombrelle-media\\\/\"},\"author\":{\"name\":\"Carole\",\"@id\":\"https:\\\/\\\/creative-europe.lu\\\/fr\\\/#\\\/schema\\\/person\\\/9c5780d886d8acc34208fe552e33a64a\"},\"headline\":\"EFM Berlin 2022 &#8211; inscriptions ombrelle MEDIA\",\"datePublished\":\"2021-11-22T16:03:51+00:00\",\"dateModified\":\"2022-01-28T11:13:50+00:00\",\"mainEntityOfPage\":{\"@id\":\"https:\\\/\\\/creative-europe.lu\\\/fr\\\/efm-berlin-2022-inscriptions-ombrelle-media\\\/\"},\"wordCount\":231,\"commentCount\":0,\"publisher\":{\"@id\":\"https:\\\/\\\/creative-europe.lu\\\/fr\\\/#organization\"},\"image\":{\"@id\":\"https:\\\/\\\/creative-europe.lu\\\/fr\\\/efm-berlin-2022-inscriptions-ombrelle-media\\\/#primaryimage\"},\"thumbnailUrl\":\"https:\\\/\\\/creative-europe.lu\\\/wp-content\\\/uploads\\\/2021\\\/11\\\/STZ_3946-scaled.jpeg\",\"articleSection\":[\"MEDIA\"],\"inLanguage\":\"fr-FR\",\"potentialAction\":[{\"@type\":\"CommentAction\",\"name\":\"Comment\",\"target\":[\"https:\\\/\\\/creative-europe.lu\\\/fr\\\/efm-berlin-2022-inscriptions-ombrelle-media\\\/#respond\"]}]},{\"@type\":\"WebPage\",\"@id\":\"https:\\\/\\\/creative-europe.lu\\\/fr\\\/efm-berlin-2022-inscriptions-ombrelle-media\\\/\",\"url\":\"https:\\\/\\\/creative-europe.lu\\\/fr\\\/efm-berlin-2022-inscriptions-ombrelle-media\\\/\",\"name\":\"EFM Berlin 2022 - inscriptions ombrelle MEDIA - Creative Europe\",\"isPartOf\":{\"@id\":\"https:\\\/\\\/creative-europe.lu\\\/fr\\\/#website\"},\"primaryImageOfPage\":{\"@id\":\"https:\\\/\\\/creative-europe.lu\\\/fr\\\/efm-berlin-2022-inscriptions-ombrelle-media\\\/#primaryimage\"},\"image\":{\"@id\":\"https:\\\/\\\/creative-europe.lu\\\/fr\\\/efm-berlin-2022-inscriptions-ombrelle-media\\\/#primaryimage\"},\"thumbnailUrl\":\"https:\\\/\\\/creative-europe.lu\\\/wp-content\\\/uploads\\\/2021\\\/11\\\/STZ_3946-scaled.jpeg\",\"datePublished\":\"2021-11-22T16:03:51+00:00\",\"dateModified\":\"2022-01-28T11:13:50+00:00\",\"breadcrumb\":{\"@id\":\"https:\\\/\\\/creative-europe.lu\\\/fr\\\/efm-berlin-2022-inscriptions-ombrelle-media\\\/#breadcrumb\"},\"inLanguage\":\"fr-FR\",\"potentialAction\":[{\"@type\":\"ReadAction\",\"target\":[\"https:\\\/\\\/creative-europe.lu\\\/fr\\\/efm-berlin-2022-inscriptions-ombrelle-media\\\/\"]}]},{\"@type\":\"ImageObject\",\"inLanguage\":\"fr-FR\",\"@id\":\"https:\\\/\\\/creative-europe.lu\\\/fr\\\/efm-berlin-2022-inscriptions-ombrelle-media\\\/#primaryimage\",\"url\":\"https:\\\/\\\/creative-europe.lu\\\/wp-content\\\/uploads\\\/2021\\\/11\\\/STZ_3946-scaled.jpeg\",\"contentUrl\":\"https:\\\/\\\/creative-europe.lu\\\/wp-content\\\/uploads\\\/2021\\\/11\\\/STZ_3946-scaled.jpeg\",\"width\":2560,\"height\":1707,\"caption\":\"MEDIA stand at European Film Market\"},{\"@type\":\"BreadcrumbList\",\"@id\":\"https:\\\/\\\/creative-europe.lu\\\/fr\\\/efm-berlin-2022-inscriptions-ombrelle-media\\\/#breadcrumb\",\"itemListElement\":[{\"@type\":\"ListItem\",\"position\":1,\"name\":\"Home\",\"item\":\"https:\\\/\\\/creative-europe.lu\\\/fr\\\/home\\\/\"},{\"@type\":\"ListItem\",\"position\":2,\"name\":\"EFM Berlin 2022 &#8211; inscriptions ombrelle MEDIA\"}]},{\"@type\":\"WebSite\",\"@id\":\"https:\\\/\\\/creative-europe.lu\\\/fr\\\/#website\",\"url\":\"https:\\\/\\\/creative-europe.lu\\\/fr\\\/\",\"name\":\"Creative Europe\",\"description\":\"\",\"publisher\":{\"@id\":\"https:\\\/\\\/creative-europe.lu\\\/fr\\\/#organization\"},\"potentialAction\":[{\"@type\":\"SearchAction\",\"target\":{\"@type\":\"EntryPoint\",\"urlTemplate\":\"https:\\\/\\\/creative-europe.lu\\\/fr\\\/?s={search_term_string}\"},\"query-input\":{\"@type\":\"PropertyValueSpecification\",\"valueRequired\":true,\"valueName\":\"search_term_string\"}}],\"inLanguage\":\"fr-FR\"},{\"@type\":\"Organization\",\"@id\":\"https:\\\/\\\/creative-europe.lu\\\/fr\\\/#organization\",\"name\":\"Creative Europe | Desk Luxembourg\",\"url\":\"https:\\\/\\\/creative-europe.lu\\\/fr\\\/\",\"logo\":{\"@type\":\"ImageObject\",\"inLanguage\":\"fr-FR\",\"@id\":\"https:\\\/\\\/creative-europe.lu\\\/fr\\\/#\\\/schema\\\/logo\\\/image\\\/\",\"url\":\"https:\\\/\\\/creative-europe.lu\\\/wp-content\\\/uploads\\\/2021\\\/12\\\/ce_desklux_blue_logo.png\",\"contentUrl\":\"https:\\\/\\\/creative-europe.lu\\\/wp-content\\\/uploads\\\/2021\\\/12\\\/ce_desklux_blue_logo.png\",\"width\":2476,\"height\":527,\"caption\":\"Creative Europe | Desk Luxembourg\"},\"image\":{\"@id\":\"https:\\\/\\\/creative-europe.lu\\\/fr\\\/#\\\/schema\\\/logo\\\/image\\\/\"}},{\"@type\":\"Person\",\"@id\":\"https:\\\/\\\/creative-europe.lu\\\/fr\\\/#\\\/schema\\\/person\\\/9c5780d886d8acc34208fe552e33a64a\",\"name\":\"Carole\",\"image\":{\"@type\":\"ImageObject\",\"inLanguage\":\"fr-FR\",\"@id\":\"https:\\\/\\\/secure.gravatar.com\\\/avatar\\\/0ef555a3e256fdb97392229e1f21e7fce8faabe8b965311604cbbf2038993204?s=96&d=mm&r=g\",\"url\":\"https:\\\/\\\/secure.gravatar.com\\\/avatar\\\/0ef555a3e256fdb97392229e1f21e7fce8faabe8b965311604cbbf2038993204?s=96&d=mm&r=g\",\"contentUrl\":\"https:\\\/\\\/secure.gravatar.com\\\/avatar\\\/0ef555a3e256fdb97392229e1f21e7fce8faabe8b965311604cbbf2038993204?s=96&d=mm&r=g\",\"caption\":\"Carole\"}}]}<\/script>\n<!-- \/ Yoast SEO plugin. -->","yoast_head_json":{"title":"EFM Berlin 2022 - inscriptions ombrelle MEDIA - Creative Europe","robots":{"index":"index","follow":"follow","max-snippet":"max-snippet:-1","max-image-preview":"max-image-preview:large","max-video-preview":"max-video-preview:-1"},"canonical":"https:\/\/creative-europe.lu\/fr\/efm-berlin-2022-inscriptions-ombrelle-media\/","og_locale":"fr_FR","og_type":"article","og_title":"EFM Berlin 2022 - inscriptions ombrelle MEDIA - Creative Europe","og_description":"[vc_row][vc_column width=\u00a0\u00bb1\/2&Prime;][vc_column_text]Les inscriptions \u00e0 l\u2019ombrelle Europe Cr\u00e9ative MEDIA au European Film Market \u00e0 Berlin 2022 sont d\u00e9sormais ouvertes. L&rsquo;ombrelle h\u00e9bergera environ 180 inscrits (soci\u00e9t\u00e9s de production et de distribution europ\u00e9ennes), qui pourront profiter des services et des installations propos\u00e9s l\u2019ombrelle pour faire leurs rendez-vous sur le march\u00e9 : tables de r\u00e9union, bar \u00e0 caf\u00e9, service [&hellip;]","og_url":"https:\/\/creative-europe.lu\/fr\/efm-berlin-2022-inscriptions-ombrelle-media\/","og_site_name":"Creative Europe","article_published_time":"2021-11-22T16:03:51+00:00","article_modified_time":"2022-01-28T11:13:50+00:00","og_image":[{"width":2560,"height":1707,"url":"https:\/\/creative-europe.lu\/wp-content\/uploads\/2021\/11\/STZ_3946-scaled.jpeg","type":"image\/jpeg"}],"author":"Carole","twitter_card":"summary_large_image","twitter_misc":{"\u00c9crit par":"Carole","Dur\u00e9e de lecture estim\u00e9e":"1 minute"},"schema":{"@context":"https:\/\/schema.org","@graph":[{"@type":"Article","@id":"https:\/\/creative-europe.lu\/fr\/efm-berlin-2022-inscriptions-ombrelle-media\/#article","isPartOf":{"@id":"https:\/\/creative-europe.lu\/fr\/efm-berlin-2022-inscriptions-ombrelle-media\/"},"author":{"name":"Carole","@id":"https:\/\/creative-europe.lu\/fr\/#\/schema\/person\/9c5780d886d8acc34208fe552e33a64a"},"headline":"EFM Berlin 2022 &#8211; inscriptions ombrelle MEDIA","datePublished":"2021-11-22T16:03:51+00:00","dateModified":"2022-01-28T11:13:50+00:00","mainEntityOfPage":{"@id":"https:\/\/creative-europe.lu\/fr\/efm-berlin-2022-inscriptions-ombrelle-media\/"},"wordCount":231,"commentCount":0,"publisher":{"@id":"https:\/\/creative-europe.lu\/fr\/#organization"},"image":{"@id":"https:\/\/creative-europe.lu\/fr\/efm-berlin-2022-inscriptions-ombrelle-media\/#primaryimage"},"thumbnailUrl":"https:\/\/creative-europe.lu\/wp-content\/uploads\/2021\/11\/STZ_3946-scaled.jpeg","articleSection":["MEDIA"],"inLanguage":"fr-FR","potentialAction":[{"@type":"CommentAction","name":"Comment","target":["https:\/\/creative-europe.lu\/fr\/efm-berlin-2022-inscriptions-ombrelle-media\/#respond"]}]},{"@type":"WebPage","@id":"https:\/\/creative-europe.lu\/fr\/efm-berlin-2022-inscriptions-ombrelle-media\/","url":"https:\/\/creative-europe.lu\/fr\/efm-berlin-2022-inscriptions-ombrelle-media\/","name":"EFM Berlin 2022 - inscriptions ombrelle MEDIA - Creative Europe","isPartOf":{"@id":"https:\/\/creative-europe.lu\/fr\/#website"},"primaryImageOfPage":{"@id":"https:\/\/creative-europe.lu\/fr\/efm-berlin-2022-inscriptions-ombrelle-media\/#primaryimage"},"image":{"@id":"https:\/\/creative-europe.lu\/fr\/efm-berlin-2022-inscriptions-ombrelle-media\/#primaryimage"},"thumbnailUrl":"https:\/\/creative-europe.lu\/wp-content\/uploads\/2021\/11\/STZ_3946-scaled.jpeg","datePublished":"2021-11-22T16:03:51+00:00","dateModified":"2022-01-28T11:13:50+00:00","breadcrumb":{"@id":"https:\/\/creative-europe.lu\/fr\/efm-berlin-2022-inscriptions-ombrelle-media\/#breadcrumb"},"inLanguage":"fr-FR","potentialAction":[{"@type":"ReadAction","target":["https:\/\/creative-europe.lu\/fr\/efm-berlin-2022-inscriptions-ombrelle-media\/"]}]},{"@type":"ImageObject","inLanguage":"fr-FR","@id":"https:\/\/creative-europe.lu\/fr\/efm-berlin-2022-inscriptions-ombrelle-media\/#primaryimage","url":"https:\/\/creative-europe.lu\/wp-content\/uploads\/2021\/11\/STZ_3946-scaled.jpeg","contentUrl":"https:\/\/creative-europe.lu\/wp-content\/uploads\/2021\/11\/STZ_3946-scaled.jpeg","width":2560,"height":1707,"caption":"MEDIA stand at European Film Market"},{"@type":"BreadcrumbList","@id":"https:\/\/creative-europe.lu\/fr\/efm-berlin-2022-inscriptions-ombrelle-media\/#breadcrumb","itemListElement":[{"@type":"ListItem","position":1,"name":"Home","item":"https:\/\/creative-europe.lu\/fr\/home\/"},{"@type":"ListItem","position":2,"name":"EFM Berlin 2022 &#8211; inscriptions ombrelle MEDIA"}]},{"@type":"WebSite","@id":"https:\/\/creative-europe.lu\/fr\/#website","url":"https:\/\/creative-europe.lu\/fr\/","name":"Creative Europe","description":"","publisher":{"@id":"https:\/\/creative-europe.lu\/fr\/#organization"},"potentialAction":[{"@type":"SearchAction","target":{"@type":"EntryPoint","urlTemplate":"https:\/\/creative-europe.lu\/fr\/?s={search_term_string}"},"query-input":{"@type":"PropertyValueSpecification","valueRequired":true,"valueName":"search_term_string"}}],"inLanguage":"fr-FR"},{"@type":"Organization","@id":"https:\/\/creative-europe.lu\/fr\/#organization","name":"Creative Europe | Desk Luxembourg","url":"https:\/\/creative-europe.lu\/fr\/","logo":{"@type":"ImageObject","inLanguage":"fr-FR","@id":"https:\/\/creative-europe.lu\/fr\/#\/schema\/logo\/image\/","url":"https:\/\/creative-europe.lu\/wp-content\/uploads\/2021\/12\/ce_desklux_blue_logo.png","contentUrl":"https:\/\/creative-europe.lu\/wp-content\/uploads\/2021\/12\/ce_desklux_blue_logo.png","width":2476,"height":527,"caption":"Creative Europe | Desk Luxembourg"},"image":{"@id":"https:\/\/creative-europe.lu\/fr\/#\/schema\/logo\/image\/"}},{"@type":"Person","@id":"https:\/\/creative-europe.lu\/fr\/#\/schema\/person\/9c5780d886d8acc34208fe552e33a64a","name":"Carole","image":{"@type":"ImageObject","inLanguage":"fr-FR","@id":"https:\/\/secure.gravatar.com\/avatar\/0ef555a3e256fdb97392229e1f21e7fce8faabe8b965311604cbbf2038993204?s=96&d=mm&r=g","url":"https:\/\/secure.gravatar.com\/avatar\/0ef555a3e256fdb97392229e1f21e7fce8faabe8b965311604cbbf2038993204?s=96&d=mm&r=g","contentUrl":"https:\/\/secure.gravatar.com\/avatar\/0ef555a3e256fdb97392229e1f21e7fce8faabe8b965311604cbbf2038993204?s=96&d=mm&r=g","caption":"Carole"}}]}},"_links":{"self":[{"href":"https:\/\/creative-europe.lu\/fr\/wp-json\/wp\/v2\/posts\/753","targetHints":{"allow":["GET"]}}],"collection":[{"href":"https:\/\/creative-europe.lu\/fr\/wp-json\/wp\/v2\/posts"}],"about":[{"href":"https:\/\/creative-europe.lu\/fr\/wp-json\/wp\/v2\/types\/post"}],"author":[{"embeddable":true,"href":"https:\/\/creative-europe.lu\/fr\/wp-json\/wp\/v2\/users\/3"}],"replies":[{"embeddable":true,"href":"https:\/\/creative-europe.lu\/fr\/wp-json\/wp\/v2\/comments?post=753"}],"version-history":[{"count":4,"href":"https:\/\/creative-europe.lu\/fr\/wp-json\/wp\/v2\/posts\/753\/revisions"}],"predecessor-version":[{"id":2445,"href":"https:\/\/creative-europe.lu\/fr\/wp-json\/wp\/v2\/posts\/753\/revisions\/2445"}],"wp:featuredmedia":[{"embeddable":true,"href":"https:\/\/creative-europe.lu\/fr\/wp-json\/wp\/v2\/media\/754"}],"wp:attachment":[{"href":"https:\/\/creative-europe.lu\/fr\/wp-json\/wp\/v2\/media?parent=753"}],"wp:term":[{"taxonomy":"category","embeddable":true,"href":"https:\/\/creative-europe.lu\/fr\/wp-json\/wp\/v2\/categories?post=753"},{"taxonomy":"post_tag","embeddable":true,"href":"https:\/\/creative-europe.lu\/fr\/wp-json\/wp\/v2\/tags?post=753"}],"curies":[{"name":"wp","href":"https:\/\/api.w.org\/{rel}","templated":true}]}}