{"id":5260,"date":"2026-03-20T09:32:03","date_gmt":"2026-03-20T08:32:03","guid":{"rendered":"https:\/\/creative-europe.lu\/?p=5260"},"modified":"2026-03-20T09:32:03","modified_gmt":"2026-03-20T08:32:03","slug":"immersive-pavilion-2026","status":"publish","type":"post","link":"https:\/\/creative-europe.lu\/fr\/immersive-pavilion-2026\/","title":{"rendered":"Immersive Pavilion 2026"},"content":{"rendered":"<p data-start=\"71\" data-end=\"544\">En tant que partenaire de cet \u00e9v\u00e9nement, le Desk Luxembourg\u00a0\u00a0\u00e9tait fier de s\u2019associer \u00e0 l\u2019\u00ab Immersive Pavilion 2026 \u00bb, pr\u00e9sent\u00e9 pour la premi\u00e8re fois dans trois lieux embl\u00e9matiques de la Ville de Luxembourg \u2013 neim\u00ebnster, le Mudam et la Villa Louvigny. Cette programmation r\u00e9unissait des \u0153uvres de pointe en r\u00e9alit\u00e9 virtuelle, augment\u00e9e et mixte, ainsi que des installations sonores en comp\u00e9tition pour le prix de la \u00ab Meilleure exp\u00e9rience immersive \u00bb du Luxembourg City Film Festival.<\/p>\n<p data-start=\"551\" data-end=\"1192\">Cette 9\u1d49 \u00e9dition invitait les visiteurs \u00e0 d\u00e9couvrir des univers po\u00e9tiques, introspectifs et ludiques o\u00f9 l\u2019imagination rencontrait la technologie. Documentaire, fiction, animation et narration interactive exploraient des exp\u00e9riences de perte, de traumatisme et de gu\u00e9rison, ainsi que des r\u00e9cits ancr\u00e9s dans des histoires ancestrales, des archives sonores et la m\u00e9moire collective. D\u2019autres \u0153uvres abordaient les crises sociales et environnementales \u2013 injustice, effondrement \u00e9cologique, migrations forc\u00e9es et gentrification \u2013 avec urgence et force cr\u00e9ative, plaidant pour la communaut\u00e9, le multiculturalisme et la conscience environnementale.<\/p>\n","protected":false},"excerpt":{"rendered":"<p>En tant que partenaire de cet \u00e9v\u00e9nement, le Desk Luxembourg\u00a0\u00a0\u00e9tait fier de s\u2019associer \u00e0 l\u2019\u00ab Immersive Pavilion 2026 \u00bb, pr\u00e9sent\u00e9 pour la premi\u00e8re fois dans trois lieux embl\u00e9matiques de la Ville de Luxembourg \u2013 neim\u00ebnster, le Mudam et la Villa Louvigny. Cette programmation r\u00e9unissait des \u0153uvres de pointe en r\u00e9alit\u00e9 virtuelle, augment\u00e9e et mixte, ainsi [&hellip;]<\/p>\n","protected":false},"author":7,"featured_media":5261,"comment_status":"open","ping_status":"closed","sticky":false,"template":"","format":"standard","meta":{"_acf_changed":false,"inline_featured_image":false,"footnotes":""},"categories":[17],"tags":[],"class_list":["post-5260","post","type-post","status-publish","format-standard","has-post-thumbnail","hentry","category-media"],"acf":[],"yoast_head":"<!-- This site is optimized with the Yoast SEO plugin v27.3 - https:\/\/yoast.com\/product\/yoast-seo-wordpress\/ -->\n<title>Immersive Pavilion 2026 - Creative Europe<\/title>\n<meta name=\"robots\" content=\"index, follow, max-snippet:-1, max-image-preview:large, max-video-preview:-1\" \/>\n<link rel=\"canonical\" href=\"https:\/\/creative-europe.lu\/fr\/immersive-pavilion-2026\/\" \/>\n<meta property=\"og:locale\" content=\"fr_FR\" \/>\n<meta property=\"og:type\" content=\"article\" \/>\n<meta property=\"og:title\" content=\"Immersive Pavilion 2026 - Creative Europe\" \/>\n<meta property=\"og:description\" content=\"En tant que partenaire de cet \u00e9v\u00e9nement, le Desk Luxembourg\u00a0\u00a0\u00e9tait fier de s\u2019associer \u00e0 l\u2019\u00ab Immersive Pavilion 2026 \u00bb, pr\u00e9sent\u00e9 pour la premi\u00e8re fois dans trois lieux embl\u00e9matiques de la Ville de Luxembourg \u2013 neim\u00ebnster, le Mudam et la Villa Louvigny. Cette programmation r\u00e9unissait des \u0153uvres de pointe en r\u00e9alit\u00e9 virtuelle, augment\u00e9e et mixte, ainsi [&hellip;]\" \/>\n<meta property=\"og:url\" content=\"https:\/\/creative-europe.lu\/fr\/immersive-pavilion-2026\/\" \/>\n<meta property=\"og:site_name\" content=\"Creative Europe\" \/>\n<meta property=\"article:published_time\" content=\"2026-03-20T08:32:03+00:00\" \/>\n<meta property=\"og:image\" content=\"https:\/\/creative-europe.lu\/wp-content\/uploads\/2026\/03\/Screenshot-2026-03-19-144146.png\" \/>\n\t<meta property=\"og:image:width\" content=\"487\" \/>\n\t<meta property=\"og:image:height\" content=\"670\" \/>\n\t<meta property=\"og:image:type\" content=\"image\/png\" \/>\n<meta name=\"author\" content=\"Sami\" \/>\n<meta name=\"twitter:card\" content=\"summary_large_image\" \/>\n<meta name=\"twitter:label1\" content=\"\u00c9crit par\" \/>\n\t<meta name=\"twitter:data1\" content=\"Sami\" \/>\n\t<meta name=\"twitter:label2\" content=\"Dur\u00e9e de lecture estim\u00e9e\" \/>\n\t<meta name=\"twitter:data2\" content=\"1 minute\" \/>\n<script type=\"application\/ld+json\" class=\"yoast-schema-graph\">{\"@context\":\"https:\\\/\\\/schema.org\",\"@graph\":[{\"@type\":\"Article\",\"@id\":\"https:\\\/\\\/creative-europe.lu\\\/fr\\\/immersive-pavilion-2026\\\/#article\",\"isPartOf\":{\"@id\":\"https:\\\/\\\/creative-europe.lu\\\/fr\\\/immersive-pavilion-2026\\\/\"},\"author\":{\"name\":\"Sami\",\"@id\":\"https:\\\/\\\/creative-europe.lu\\\/fr\\\/#\\\/schema\\\/person\\\/87c27110fe1d30c2cf458d8c5e19daba\"},\"headline\":\"Immersive Pavilion 2026\",\"datePublished\":\"2026-03-20T08:32:03+00:00\",\"mainEntityOfPage\":{\"@id\":\"https:\\\/\\\/creative-europe.lu\\\/fr\\\/immersive-pavilion-2026\\\/\"},\"wordCount\":174,\"commentCount\":0,\"publisher\":{\"@id\":\"https:\\\/\\\/creative-europe.lu\\\/fr\\\/#organization\"},\"image\":{\"@id\":\"https:\\\/\\\/creative-europe.lu\\\/fr\\\/immersive-pavilion-2026\\\/#primaryimage\"},\"thumbnailUrl\":\"https:\\\/\\\/creative-europe.lu\\\/wp-content\\\/uploads\\\/2026\\\/03\\\/Screenshot-2026-03-19-144146.png\",\"articleSection\":[\"MEDIA\"],\"inLanguage\":\"fr-FR\",\"potentialAction\":[{\"@type\":\"CommentAction\",\"name\":\"Comment\",\"target\":[\"https:\\\/\\\/creative-europe.lu\\\/fr\\\/immersive-pavilion-2026\\\/#respond\"]}]},{\"@type\":\"WebPage\",\"@id\":\"https:\\\/\\\/creative-europe.lu\\\/fr\\\/immersive-pavilion-2026\\\/\",\"url\":\"https:\\\/\\\/creative-europe.lu\\\/fr\\\/immersive-pavilion-2026\\\/\",\"name\":\"Immersive Pavilion 2026 - Creative Europe\",\"isPartOf\":{\"@id\":\"https:\\\/\\\/creative-europe.lu\\\/fr\\\/#website\"},\"primaryImageOfPage\":{\"@id\":\"https:\\\/\\\/creative-europe.lu\\\/fr\\\/immersive-pavilion-2026\\\/#primaryimage\"},\"image\":{\"@id\":\"https:\\\/\\\/creative-europe.lu\\\/fr\\\/immersive-pavilion-2026\\\/#primaryimage\"},\"thumbnailUrl\":\"https:\\\/\\\/creative-europe.lu\\\/wp-content\\\/uploads\\\/2026\\\/03\\\/Screenshot-2026-03-19-144146.png\",\"datePublished\":\"2026-03-20T08:32:03+00:00\",\"breadcrumb\":{\"@id\":\"https:\\\/\\\/creative-europe.lu\\\/fr\\\/immersive-pavilion-2026\\\/#breadcrumb\"},\"inLanguage\":\"fr-FR\",\"potentialAction\":[{\"@type\":\"ReadAction\",\"target\":[\"https:\\\/\\\/creative-europe.lu\\\/fr\\\/immersive-pavilion-2026\\\/\"]}]},{\"@type\":\"ImageObject\",\"inLanguage\":\"fr-FR\",\"@id\":\"https:\\\/\\\/creative-europe.lu\\\/fr\\\/immersive-pavilion-2026\\\/#primaryimage\",\"url\":\"https:\\\/\\\/creative-europe.lu\\\/wp-content\\\/uploads\\\/2026\\\/03\\\/Screenshot-2026-03-19-144146.png\",\"contentUrl\":\"https:\\\/\\\/creative-europe.lu\\\/wp-content\\\/uploads\\\/2026\\\/03\\\/Screenshot-2026-03-19-144146.png\",\"width\":487,\"height\":670},{\"@type\":\"BreadcrumbList\",\"@id\":\"https:\\\/\\\/creative-europe.lu\\\/fr\\\/immersive-pavilion-2026\\\/#breadcrumb\",\"itemListElement\":[{\"@type\":\"ListItem\",\"position\":1,\"name\":\"Home\",\"item\":\"https:\\\/\\\/creative-europe.lu\\\/fr\\\/home\\\/\"},{\"@type\":\"ListItem\",\"position\":2,\"name\":\"Immersive Pavilion 2026\"}]},{\"@type\":\"WebSite\",\"@id\":\"https:\\\/\\\/creative-europe.lu\\\/fr\\\/#website\",\"url\":\"https:\\\/\\\/creative-europe.lu\\\/fr\\\/\",\"name\":\"Creative Europe\",\"description\":\"\",\"publisher\":{\"@id\":\"https:\\\/\\\/creative-europe.lu\\\/fr\\\/#organization\"},\"potentialAction\":[{\"@type\":\"SearchAction\",\"target\":{\"@type\":\"EntryPoint\",\"urlTemplate\":\"https:\\\/\\\/creative-europe.lu\\\/fr\\\/?s={search_term_string}\"},\"query-input\":{\"@type\":\"PropertyValueSpecification\",\"valueRequired\":true,\"valueName\":\"search_term_string\"}}],\"inLanguage\":\"fr-FR\"},{\"@type\":\"Organization\",\"@id\":\"https:\\\/\\\/creative-europe.lu\\\/fr\\\/#organization\",\"name\":\"Creative Europe | Desk Luxembourg\",\"url\":\"https:\\\/\\\/creative-europe.lu\\\/fr\\\/\",\"logo\":{\"@type\":\"ImageObject\",\"inLanguage\":\"fr-FR\",\"@id\":\"https:\\\/\\\/creative-europe.lu\\\/fr\\\/#\\\/schema\\\/logo\\\/image\\\/\",\"url\":\"https:\\\/\\\/creative-europe.lu\\\/wp-content\\\/uploads\\\/2021\\\/12\\\/ce_desklux_blue_logo.png\",\"contentUrl\":\"https:\\\/\\\/creative-europe.lu\\\/wp-content\\\/uploads\\\/2021\\\/12\\\/ce_desklux_blue_logo.png\",\"width\":2476,\"height\":527,\"caption\":\"Creative Europe | Desk Luxembourg\"},\"image\":{\"@id\":\"https:\\\/\\\/creative-europe.lu\\\/fr\\\/#\\\/schema\\\/logo\\\/image\\\/\"}},{\"@type\":\"Person\",\"@id\":\"https:\\\/\\\/creative-europe.lu\\\/fr\\\/#\\\/schema\\\/person\\\/87c27110fe1d30c2cf458d8c5e19daba\",\"name\":\"Sami\",\"image\":{\"@type\":\"ImageObject\",\"inLanguage\":\"fr-FR\",\"@id\":\"https:\\\/\\\/secure.gravatar.com\\\/avatar\\\/4ef1b973567d31586ce6b1464ba5fd250fee15bf9fbb8d3c12022538c28592ad?s=96&d=mm&r=g\",\"url\":\"https:\\\/\\\/secure.gravatar.com\\\/avatar\\\/4ef1b973567d31586ce6b1464ba5fd250fee15bf9fbb8d3c12022538c28592ad?s=96&d=mm&r=g\",\"contentUrl\":\"https:\\\/\\\/secure.gravatar.com\\\/avatar\\\/4ef1b973567d31586ce6b1464ba5fd250fee15bf9fbb8d3c12022538c28592ad?s=96&d=mm&r=g\",\"caption\":\"Sami\"}}]}<\/script>\n<!-- \/ Yoast SEO plugin. -->","yoast_head_json":{"title":"Immersive Pavilion 2026 - Creative Europe","robots":{"index":"index","follow":"follow","max-snippet":"max-snippet:-1","max-image-preview":"max-image-preview:large","max-video-preview":"max-video-preview:-1"},"canonical":"https:\/\/creative-europe.lu\/fr\/immersive-pavilion-2026\/","og_locale":"fr_FR","og_type":"article","og_title":"Immersive Pavilion 2026 - Creative Europe","og_description":"En tant que partenaire de cet \u00e9v\u00e9nement, le Desk Luxembourg\u00a0\u00a0\u00e9tait fier de s\u2019associer \u00e0 l\u2019\u00ab Immersive Pavilion 2026 \u00bb, pr\u00e9sent\u00e9 pour la premi\u00e8re fois dans trois lieux embl\u00e9matiques de la Ville de Luxembourg \u2013 neim\u00ebnster, le Mudam et la Villa Louvigny. Cette programmation r\u00e9unissait des \u0153uvres de pointe en r\u00e9alit\u00e9 virtuelle, augment\u00e9e et mixte, ainsi [&hellip;]","og_url":"https:\/\/creative-europe.lu\/fr\/immersive-pavilion-2026\/","og_site_name":"Creative Europe","article_published_time":"2026-03-20T08:32:03+00:00","og_image":[{"width":487,"height":670,"url":"https:\/\/creative-europe.lu\/wp-content\/uploads\/2026\/03\/Screenshot-2026-03-19-144146.png","type":"image\/png"}],"author":"Sami","twitter_card":"summary_large_image","twitter_misc":{"\u00c9crit par":"Sami","Dur\u00e9e de lecture estim\u00e9e":"1 minute"},"schema":{"@context":"https:\/\/schema.org","@graph":[{"@type":"Article","@id":"https:\/\/creative-europe.lu\/fr\/immersive-pavilion-2026\/#article","isPartOf":{"@id":"https:\/\/creative-europe.lu\/fr\/immersive-pavilion-2026\/"},"author":{"name":"Sami","@id":"https:\/\/creative-europe.lu\/fr\/#\/schema\/person\/87c27110fe1d30c2cf458d8c5e19daba"},"headline":"Immersive Pavilion 2026","datePublished":"2026-03-20T08:32:03+00:00","mainEntityOfPage":{"@id":"https:\/\/creative-europe.lu\/fr\/immersive-pavilion-2026\/"},"wordCount":174,"commentCount":0,"publisher":{"@id":"https:\/\/creative-europe.lu\/fr\/#organization"},"image":{"@id":"https:\/\/creative-europe.lu\/fr\/immersive-pavilion-2026\/#primaryimage"},"thumbnailUrl":"https:\/\/creative-europe.lu\/wp-content\/uploads\/2026\/03\/Screenshot-2026-03-19-144146.png","articleSection":["MEDIA"],"inLanguage":"fr-FR","potentialAction":[{"@type":"CommentAction","name":"Comment","target":["https:\/\/creative-europe.lu\/fr\/immersive-pavilion-2026\/#respond"]}]},{"@type":"WebPage","@id":"https:\/\/creative-europe.lu\/fr\/immersive-pavilion-2026\/","url":"https:\/\/creative-europe.lu\/fr\/immersive-pavilion-2026\/","name":"Immersive Pavilion 2026 - Creative Europe","isPartOf":{"@id":"https:\/\/creative-europe.lu\/fr\/#website"},"primaryImageOfPage":{"@id":"https:\/\/creative-europe.lu\/fr\/immersive-pavilion-2026\/#primaryimage"},"image":{"@id":"https:\/\/creative-europe.lu\/fr\/immersive-pavilion-2026\/#primaryimage"},"thumbnailUrl":"https:\/\/creative-europe.lu\/wp-content\/uploads\/2026\/03\/Screenshot-2026-03-19-144146.png","datePublished":"2026-03-20T08:32:03+00:00","breadcrumb":{"@id":"https:\/\/creative-europe.lu\/fr\/immersive-pavilion-2026\/#breadcrumb"},"inLanguage":"fr-FR","potentialAction":[{"@type":"ReadAction","target":["https:\/\/creative-europe.lu\/fr\/immersive-pavilion-2026\/"]}]},{"@type":"ImageObject","inLanguage":"fr-FR","@id":"https:\/\/creative-europe.lu\/fr\/immersive-pavilion-2026\/#primaryimage","url":"https:\/\/creative-europe.lu\/wp-content\/uploads\/2026\/03\/Screenshot-2026-03-19-144146.png","contentUrl":"https:\/\/creative-europe.lu\/wp-content\/uploads\/2026\/03\/Screenshot-2026-03-19-144146.png","width":487,"height":670},{"@type":"BreadcrumbList","@id":"https:\/\/creative-europe.lu\/fr\/immersive-pavilion-2026\/#breadcrumb","itemListElement":[{"@type":"ListItem","position":1,"name":"Home","item":"https:\/\/creative-europe.lu\/fr\/home\/"},{"@type":"ListItem","position":2,"name":"Immersive Pavilion 2026"}]},{"@type":"WebSite","@id":"https:\/\/creative-europe.lu\/fr\/#website","url":"https:\/\/creative-europe.lu\/fr\/","name":"Creative Europe","description":"","publisher":{"@id":"https:\/\/creative-europe.lu\/fr\/#organization"},"potentialAction":[{"@type":"SearchAction","target":{"@type":"EntryPoint","urlTemplate":"https:\/\/creative-europe.lu\/fr\/?s={search_term_string}"},"query-input":{"@type":"PropertyValueSpecification","valueRequired":true,"valueName":"search_term_string"}}],"inLanguage":"fr-FR"},{"@type":"Organization","@id":"https:\/\/creative-europe.lu\/fr\/#organization","name":"Creative Europe | Desk Luxembourg","url":"https:\/\/creative-europe.lu\/fr\/","logo":{"@type":"ImageObject","inLanguage":"fr-FR","@id":"https:\/\/creative-europe.lu\/fr\/#\/schema\/logo\/image\/","url":"https:\/\/creative-europe.lu\/wp-content\/uploads\/2021\/12\/ce_desklux_blue_logo.png","contentUrl":"https:\/\/creative-europe.lu\/wp-content\/uploads\/2021\/12\/ce_desklux_blue_logo.png","width":2476,"height":527,"caption":"Creative Europe | Desk Luxembourg"},"image":{"@id":"https:\/\/creative-europe.lu\/fr\/#\/schema\/logo\/image\/"}},{"@type":"Person","@id":"https:\/\/creative-europe.lu\/fr\/#\/schema\/person\/87c27110fe1d30c2cf458d8c5e19daba","name":"Sami","image":{"@type":"ImageObject","inLanguage":"fr-FR","@id":"https:\/\/secure.gravatar.com\/avatar\/4ef1b973567d31586ce6b1464ba5fd250fee15bf9fbb8d3c12022538c28592ad?s=96&d=mm&r=g","url":"https:\/\/secure.gravatar.com\/avatar\/4ef1b973567d31586ce6b1464ba5fd250fee15bf9fbb8d3c12022538c28592ad?s=96&d=mm&r=g","contentUrl":"https:\/\/secure.gravatar.com\/avatar\/4ef1b973567d31586ce6b1464ba5fd250fee15bf9fbb8d3c12022538c28592ad?s=96&d=mm&r=g","caption":"Sami"}}]}},"_links":{"self":[{"href":"https:\/\/creative-europe.lu\/fr\/wp-json\/wp\/v2\/posts\/5260","targetHints":{"allow":["GET"]}}],"collection":[{"href":"https:\/\/creative-europe.lu\/fr\/wp-json\/wp\/v2\/posts"}],"about":[{"href":"https:\/\/creative-europe.lu\/fr\/wp-json\/wp\/v2\/types\/post"}],"author":[{"embeddable":true,"href":"https:\/\/creative-europe.lu\/fr\/wp-json\/wp\/v2\/users\/7"}],"replies":[{"embeddable":true,"href":"https:\/\/creative-europe.lu\/fr\/wp-json\/wp\/v2\/comments?post=5260"}],"version-history":[{"count":1,"href":"https:\/\/creative-europe.lu\/fr\/wp-json\/wp\/v2\/posts\/5260\/revisions"}],"predecessor-version":[{"id":5262,"href":"https:\/\/creative-europe.lu\/fr\/wp-json\/wp\/v2\/posts\/5260\/revisions\/5262"}],"wp:featuredmedia":[{"embeddable":true,"href":"https:\/\/creative-europe.lu\/fr\/wp-json\/wp\/v2\/media\/5261"}],"wp:attachment":[{"href":"https:\/\/creative-europe.lu\/fr\/wp-json\/wp\/v2\/media?parent=5260"}],"wp:term":[{"taxonomy":"category","embeddable":true,"href":"https:\/\/creative-europe.lu\/fr\/wp-json\/wp\/v2\/categories?post=5260"},{"taxonomy":"post_tag","embeddable":true,"href":"https:\/\/creative-europe.lu\/fr\/wp-json\/wp\/v2\/tags?post=5260"}],"curies":[{"name":"wp","href":"https:\/\/api.w.org\/{rel}","templated":true}]}}