{"id":5156,"date":"2025-11-19T15:51:01","date_gmt":"2025-11-19T14:51:01","guid":{"rendered":"https:\/\/creative-europe.lu\/?p=5156"},"modified":"2025-11-19T15:51:01","modified_gmt":"2025-11-19T14:51:01","slug":"appel-european-co-development-seance-info-et-atelier-pratique-le-15-decembre-2025","status":"publish","type":"post","link":"https:\/\/creative-europe.lu\/fr\/appel-european-co-development-seance-info-et-atelier-pratique-le-15-decembre-2025\/","title":{"rendered":"Appel \u00a0\u00bb  European Co-development\u00a0\u00bb  : S\u00e9ance info et atelier pratique  le 15 D\u00e9cembre 2025"},"content":{"rendered":"<p>Les Bureaux Europe Creative MEDIA\u00a0\u00a0Luxembourg\u00a0et\u00a0\u00a0Wallonie-Bruxelles coorganisent le lundi 15\u00a0 d\u00e9cembre 2025 une s\u00e9ance d&rsquo;information et un atelier sur l&rsquo;appel \u00ab\u00a0European Co-development\u00a0\u00bb\u00a0MEDIA 2026\u00a0\u00e0 l&rsquo;attention des producteurs candidats \u00e9tablis au Luxembourg et en Belgique.<\/p>\n<p>\ud83d\udcc5\u00a0<b>Date :<\/b>\u00a015 D\u00e9cembre\u00a0 2025<\/p>\n<p>\ud83d\udd52\u00a0<b>Heure :<\/b>\u00a0\u00c0 partir de 10h30<\/p>\n<p>\ud83d\udccd\u00a0<b>Lieu :<\/b>\u00a0Film Fund Luxembourg ,5, rue Plaetis ,\u00a0L-2338 Luxembourg + en ligne.<\/p>\n<p><b>Programme :<\/b><\/p>\n<ol>\n<li><b>10h30\u201312h00<\/b>\u00a0: Pr\u00e9sentation de l\u2019appel 2026 (conditions d\u2019\u00e9ligibilit\u00e9, rappel des erreurs fr\u00e9quentes, session de questions\/r\u00e9ponses).<\/li>\n<li><b>12h00\u201313h00<\/b>\u00a0: Pause.<\/li>\n<li><b>13h00\u201316h00<\/b>\u00a0:\u00a0Comment cr\u00e9er sa candidature en ligne et bien remplir toutes les annexes ? Explication des d\u00e9marches et conseils pratiques adapt\u00e9s \u00e0 vos besoins individuels. Chaque participant travaillera sur sa candidature et nous serons \u00e0 votre disposition pour vous assister<\/li>\n<\/ol>\n<p>NB : Un lien Teams\u00a0 sera envoy\u00e9 par mail aux participants en ligne quelques jours avant l&rsquo;\u00e9v\u00e8nement.<\/p>\n","protected":false},"excerpt":{"rendered":"<p>Les Bureaux Europe Creative MEDIA\u00a0\u00a0Luxembourg\u00a0et\u00a0\u00a0Wallonie-Bruxelles coorganisent le lundi 15\u00a0 d\u00e9cembre 2025 une s\u00e9ance d&rsquo;information et un atelier sur l&rsquo;appel \u00ab\u00a0European Co-development\u00a0\u00bb\u00a0MEDIA 2026\u00a0\u00e0 l&rsquo;attention des producteurs candidats \u00e9tablis au Luxembourg et en Belgique. \ud83d\udcc5\u00a0Date :\u00a015 D\u00e9cembre\u00a0 2025 \ud83d\udd52\u00a0Heure :\u00a0\u00c0 partir de 10h30 \ud83d\udccd\u00a0Lieu :\u00a0Film Fund Luxembourg ,5, rue Plaetis ,\u00a0L-2338 Luxembourg + en ligne. Programme : [&hellip;]<\/p>\n","protected":false},"author":7,"featured_media":5157,"comment_status":"open","ping_status":"closed","sticky":false,"template":"","format":"standard","meta":{"_acf_changed":false,"inline_featured_image":false,"footnotes":""},"categories":[17],"tags":[],"class_list":["post-5156","post","type-post","status-publish","format-standard","has-post-thumbnail","hentry","category-media"],"acf":[],"yoast_head":"<!-- This site is optimized with the Yoast SEO plugin v27.3 - https:\/\/yoast.com\/product\/yoast-seo-wordpress\/ -->\n<title>Appel &quot; European Co-development&quot; : S\u00e9ance info et atelier pratique le 15 D\u00e9cembre 2025 - Creative Europe<\/title>\n<meta name=\"robots\" content=\"index, follow, max-snippet:-1, max-image-preview:large, max-video-preview:-1\" \/>\n<link rel=\"canonical\" href=\"https:\/\/creative-europe.lu\/fr\/appel-european-co-development-seance-info-et-atelier-pratique-le-15-decembre-2025\/\" \/>\n<meta property=\"og:locale\" content=\"fr_FR\" \/>\n<meta property=\"og:type\" content=\"article\" \/>\n<meta property=\"og:title\" content=\"Appel &quot; European Co-development&quot; : S\u00e9ance info et atelier pratique le 15 D\u00e9cembre 2025 - Creative Europe\" \/>\n<meta property=\"og:description\" content=\"Les Bureaux Europe Creative MEDIA\u00a0\u00a0Luxembourg\u00a0et\u00a0\u00a0Wallonie-Bruxelles coorganisent le lundi 15\u00a0 d\u00e9cembre 2025 une s\u00e9ance d&rsquo;information et un atelier sur l&rsquo;appel \u00ab\u00a0European Co-development\u00a0\u00bb\u00a0MEDIA 2026\u00a0\u00e0 l&rsquo;attention des producteurs candidats \u00e9tablis au Luxembourg et en Belgique. \ud83d\udcc5\u00a0Date :\u00a015 D\u00e9cembre\u00a0 2025 \ud83d\udd52\u00a0Heure :\u00a0\u00c0 partir de 10h30 \ud83d\udccd\u00a0Lieu :\u00a0Film Fund Luxembourg ,5, rue Plaetis ,\u00a0L-2338 Luxembourg + en ligne. Programme : [&hellip;]\" \/>\n<meta property=\"og:url\" content=\"https:\/\/creative-europe.lu\/fr\/appel-european-co-development-seance-info-et-atelier-pratique-le-15-decembre-2025\/\" \/>\n<meta property=\"og:site_name\" content=\"Creative Europe\" \/>\n<meta property=\"article:published_time\" content=\"2025-11-19T14:51:01+00:00\" \/>\n<meta property=\"og:image\" content=\"https:\/\/creative-europe.lu\/wp-content\/uploads\/2025\/11\/V1_European-Co-Development-819x1024.png\" \/>\n\t<meta property=\"og:image:width\" content=\"819\" \/>\n\t<meta property=\"og:image:height\" content=\"1024\" \/>\n\t<meta property=\"og:image:type\" content=\"image\/png\" \/>\n<meta name=\"author\" content=\"Sami\" \/>\n<meta name=\"twitter:card\" content=\"summary_large_image\" \/>\n<meta name=\"twitter:label1\" content=\"\u00c9crit par\" \/>\n\t<meta name=\"twitter:data1\" content=\"Sami\" \/>\n\t<meta name=\"twitter:label2\" content=\"Dur\u00e9e de lecture estim\u00e9e\" \/>\n\t<meta name=\"twitter:data2\" content=\"1 minute\" \/>\n<script type=\"application\/ld+json\" class=\"yoast-schema-graph\">{\"@context\":\"https:\\\/\\\/schema.org\",\"@graph\":[{\"@type\":\"Article\",\"@id\":\"https:\\\/\\\/creative-europe.lu\\\/fr\\\/appel-european-co-development-seance-info-et-atelier-pratique-le-15-decembre-2025\\\/#article\",\"isPartOf\":{\"@id\":\"https:\\\/\\\/creative-europe.lu\\\/fr\\\/appel-european-co-development-seance-info-et-atelier-pratique-le-15-decembre-2025\\\/\"},\"author\":{\"name\":\"Sami\",\"@id\":\"https:\\\/\\\/creative-europe.lu\\\/fr\\\/#\\\/schema\\\/person\\\/87c27110fe1d30c2cf458d8c5e19daba\"},\"headline\":\"Appel \u00a0\u00bb European Co-development\u00a0\u00bb : S\u00e9ance info et atelier pratique le 15 D\u00e9cembre 2025\",\"datePublished\":\"2025-11-19T14:51:01+00:00\",\"mainEntityOfPage\":{\"@id\":\"https:\\\/\\\/creative-europe.lu\\\/fr\\\/appel-european-co-development-seance-info-et-atelier-pratique-le-15-decembre-2025\\\/\"},\"wordCount\":150,\"commentCount\":0,\"publisher\":{\"@id\":\"https:\\\/\\\/creative-europe.lu\\\/fr\\\/#organization\"},\"image\":{\"@id\":\"https:\\\/\\\/creative-europe.lu\\\/fr\\\/appel-european-co-development-seance-info-et-atelier-pratique-le-15-decembre-2025\\\/#primaryimage\"},\"thumbnailUrl\":\"https:\\\/\\\/creative-europe.lu\\\/wp-content\\\/uploads\\\/2025\\\/11\\\/V1_European-Co-Development.png\",\"articleSection\":[\"MEDIA\"],\"inLanguage\":\"fr-FR\",\"potentialAction\":[{\"@type\":\"CommentAction\",\"name\":\"Comment\",\"target\":[\"https:\\\/\\\/creative-europe.lu\\\/fr\\\/appel-european-co-development-seance-info-et-atelier-pratique-le-15-decembre-2025\\\/#respond\"]}]},{\"@type\":\"WebPage\",\"@id\":\"https:\\\/\\\/creative-europe.lu\\\/fr\\\/appel-european-co-development-seance-info-et-atelier-pratique-le-15-decembre-2025\\\/\",\"url\":\"https:\\\/\\\/creative-europe.lu\\\/fr\\\/appel-european-co-development-seance-info-et-atelier-pratique-le-15-decembre-2025\\\/\",\"name\":\"Appel \\\" European Co-development\\\" : S\u00e9ance info et atelier pratique le 15 D\u00e9cembre 2025 - Creative Europe\",\"isPartOf\":{\"@id\":\"https:\\\/\\\/creative-europe.lu\\\/fr\\\/#website\"},\"primaryImageOfPage\":{\"@id\":\"https:\\\/\\\/creative-europe.lu\\\/fr\\\/appel-european-co-development-seance-info-et-atelier-pratique-le-15-decembre-2025\\\/#primaryimage\"},\"image\":{\"@id\":\"https:\\\/\\\/creative-europe.lu\\\/fr\\\/appel-european-co-development-seance-info-et-atelier-pratique-le-15-decembre-2025\\\/#primaryimage\"},\"thumbnailUrl\":\"https:\\\/\\\/creative-europe.lu\\\/wp-content\\\/uploads\\\/2025\\\/11\\\/V1_European-Co-Development.png\",\"datePublished\":\"2025-11-19T14:51:01+00:00\",\"breadcrumb\":{\"@id\":\"https:\\\/\\\/creative-europe.lu\\\/fr\\\/appel-european-co-development-seance-info-et-atelier-pratique-le-15-decembre-2025\\\/#breadcrumb\"},\"inLanguage\":\"fr-FR\",\"potentialAction\":[{\"@type\":\"ReadAction\",\"target\":[\"https:\\\/\\\/creative-europe.lu\\\/fr\\\/appel-european-co-development-seance-info-et-atelier-pratique-le-15-decembre-2025\\\/\"]}]},{\"@type\":\"ImageObject\",\"inLanguage\":\"fr-FR\",\"@id\":\"https:\\\/\\\/creative-europe.lu\\\/fr\\\/appel-european-co-development-seance-info-et-atelier-pratique-le-15-decembre-2025\\\/#primaryimage\",\"url\":\"https:\\\/\\\/creative-europe.lu\\\/wp-content\\\/uploads\\\/2025\\\/11\\\/V1_European-Co-Development.png\",\"contentUrl\":\"https:\\\/\\\/creative-europe.lu\\\/wp-content\\\/uploads\\\/2025\\\/11\\\/V1_European-Co-Development.png\",\"width\":2048,\"height\":2560},{\"@type\":\"BreadcrumbList\",\"@id\":\"https:\\\/\\\/creative-europe.lu\\\/fr\\\/appel-european-co-development-seance-info-et-atelier-pratique-le-15-decembre-2025\\\/#breadcrumb\",\"itemListElement\":[{\"@type\":\"ListItem\",\"position\":1,\"name\":\"Home\",\"item\":\"https:\\\/\\\/creative-europe.lu\\\/fr\\\/home\\\/\"},{\"@type\":\"ListItem\",\"position\":2,\"name\":\"Appel &#8221; European Co-development&#8221; : S\u00e9ance info et atelier pratique le 15 D\u00e9cembre 2025\"}]},{\"@type\":\"WebSite\",\"@id\":\"https:\\\/\\\/creative-europe.lu\\\/fr\\\/#website\",\"url\":\"https:\\\/\\\/creative-europe.lu\\\/fr\\\/\",\"name\":\"Creative Europe\",\"description\":\"\",\"publisher\":{\"@id\":\"https:\\\/\\\/creative-europe.lu\\\/fr\\\/#organization\"},\"potentialAction\":[{\"@type\":\"SearchAction\",\"target\":{\"@type\":\"EntryPoint\",\"urlTemplate\":\"https:\\\/\\\/creative-europe.lu\\\/fr\\\/?s={search_term_string}\"},\"query-input\":{\"@type\":\"PropertyValueSpecification\",\"valueRequired\":true,\"valueName\":\"search_term_string\"}}],\"inLanguage\":\"fr-FR\"},{\"@type\":\"Organization\",\"@id\":\"https:\\\/\\\/creative-europe.lu\\\/fr\\\/#organization\",\"name\":\"Creative Europe | Desk Luxembourg\",\"url\":\"https:\\\/\\\/creative-europe.lu\\\/fr\\\/\",\"logo\":{\"@type\":\"ImageObject\",\"inLanguage\":\"fr-FR\",\"@id\":\"https:\\\/\\\/creative-europe.lu\\\/fr\\\/#\\\/schema\\\/logo\\\/image\\\/\",\"url\":\"https:\\\/\\\/creative-europe.lu\\\/wp-content\\\/uploads\\\/2021\\\/12\\\/ce_desklux_blue_logo.png\",\"contentUrl\":\"https:\\\/\\\/creative-europe.lu\\\/wp-content\\\/uploads\\\/2021\\\/12\\\/ce_desklux_blue_logo.png\",\"width\":2476,\"height\":527,\"caption\":\"Creative Europe | Desk Luxembourg\"},\"image\":{\"@id\":\"https:\\\/\\\/creative-europe.lu\\\/fr\\\/#\\\/schema\\\/logo\\\/image\\\/\"}},{\"@type\":\"Person\",\"@id\":\"https:\\\/\\\/creative-europe.lu\\\/fr\\\/#\\\/schema\\\/person\\\/87c27110fe1d30c2cf458d8c5e19daba\",\"name\":\"Sami\",\"image\":{\"@type\":\"ImageObject\",\"inLanguage\":\"fr-FR\",\"@id\":\"https:\\\/\\\/secure.gravatar.com\\\/avatar\\\/4ef1b973567d31586ce6b1464ba5fd250fee15bf9fbb8d3c12022538c28592ad?s=96&d=mm&r=g\",\"url\":\"https:\\\/\\\/secure.gravatar.com\\\/avatar\\\/4ef1b973567d31586ce6b1464ba5fd250fee15bf9fbb8d3c12022538c28592ad?s=96&d=mm&r=g\",\"contentUrl\":\"https:\\\/\\\/secure.gravatar.com\\\/avatar\\\/4ef1b973567d31586ce6b1464ba5fd250fee15bf9fbb8d3c12022538c28592ad?s=96&d=mm&r=g\",\"caption\":\"Sami\"}}]}<\/script>\n<!-- \/ Yoast SEO plugin. -->","yoast_head_json":{"title":"Appel \" European Co-development\" : S\u00e9ance info et atelier pratique le 15 D\u00e9cembre 2025 - Creative Europe","robots":{"index":"index","follow":"follow","max-snippet":"max-snippet:-1","max-image-preview":"max-image-preview:large","max-video-preview":"max-video-preview:-1"},"canonical":"https:\/\/creative-europe.lu\/fr\/appel-european-co-development-seance-info-et-atelier-pratique-le-15-decembre-2025\/","og_locale":"fr_FR","og_type":"article","og_title":"Appel \" European Co-development\" : S\u00e9ance info et atelier pratique le 15 D\u00e9cembre 2025 - Creative Europe","og_description":"Les Bureaux Europe Creative MEDIA\u00a0\u00a0Luxembourg\u00a0et\u00a0\u00a0Wallonie-Bruxelles coorganisent le lundi 15\u00a0 d\u00e9cembre 2025 une s\u00e9ance d&rsquo;information et un atelier sur l&rsquo;appel \u00ab\u00a0European Co-development\u00a0\u00bb\u00a0MEDIA 2026\u00a0\u00e0 l&rsquo;attention des producteurs candidats \u00e9tablis au Luxembourg et en Belgique. \ud83d\udcc5\u00a0Date :\u00a015 D\u00e9cembre\u00a0 2025 \ud83d\udd52\u00a0Heure :\u00a0\u00c0 partir de 10h30 \ud83d\udccd\u00a0Lieu :\u00a0Film Fund Luxembourg ,5, rue Plaetis ,\u00a0L-2338 Luxembourg + en ligne. Programme : [&hellip;]","og_url":"https:\/\/creative-europe.lu\/fr\/appel-european-co-development-seance-info-et-atelier-pratique-le-15-decembre-2025\/","og_site_name":"Creative Europe","article_published_time":"2025-11-19T14:51:01+00:00","og_image":[{"width":819,"height":1024,"url":"https:\/\/creative-europe.lu\/wp-content\/uploads\/2025\/11\/V1_European-Co-Development-819x1024.png","type":"image\/png"}],"author":"Sami","twitter_card":"summary_large_image","twitter_misc":{"\u00c9crit par":"Sami","Dur\u00e9e de lecture estim\u00e9e":"1 minute"},"schema":{"@context":"https:\/\/schema.org","@graph":[{"@type":"Article","@id":"https:\/\/creative-europe.lu\/fr\/appel-european-co-development-seance-info-et-atelier-pratique-le-15-decembre-2025\/#article","isPartOf":{"@id":"https:\/\/creative-europe.lu\/fr\/appel-european-co-development-seance-info-et-atelier-pratique-le-15-decembre-2025\/"},"author":{"name":"Sami","@id":"https:\/\/creative-europe.lu\/fr\/#\/schema\/person\/87c27110fe1d30c2cf458d8c5e19daba"},"headline":"Appel \u00a0\u00bb European Co-development\u00a0\u00bb : S\u00e9ance info et atelier pratique le 15 D\u00e9cembre 2025","datePublished":"2025-11-19T14:51:01+00:00","mainEntityOfPage":{"@id":"https:\/\/creative-europe.lu\/fr\/appel-european-co-development-seance-info-et-atelier-pratique-le-15-decembre-2025\/"},"wordCount":150,"commentCount":0,"publisher":{"@id":"https:\/\/creative-europe.lu\/fr\/#organization"},"image":{"@id":"https:\/\/creative-europe.lu\/fr\/appel-european-co-development-seance-info-et-atelier-pratique-le-15-decembre-2025\/#primaryimage"},"thumbnailUrl":"https:\/\/creative-europe.lu\/wp-content\/uploads\/2025\/11\/V1_European-Co-Development.png","articleSection":["MEDIA"],"inLanguage":"fr-FR","potentialAction":[{"@type":"CommentAction","name":"Comment","target":["https:\/\/creative-europe.lu\/fr\/appel-european-co-development-seance-info-et-atelier-pratique-le-15-decembre-2025\/#respond"]}]},{"@type":"WebPage","@id":"https:\/\/creative-europe.lu\/fr\/appel-european-co-development-seance-info-et-atelier-pratique-le-15-decembre-2025\/","url":"https:\/\/creative-europe.lu\/fr\/appel-european-co-development-seance-info-et-atelier-pratique-le-15-decembre-2025\/","name":"Appel \" European Co-development\" : S\u00e9ance info et atelier pratique le 15 D\u00e9cembre 2025 - Creative Europe","isPartOf":{"@id":"https:\/\/creative-europe.lu\/fr\/#website"},"primaryImageOfPage":{"@id":"https:\/\/creative-europe.lu\/fr\/appel-european-co-development-seance-info-et-atelier-pratique-le-15-decembre-2025\/#primaryimage"},"image":{"@id":"https:\/\/creative-europe.lu\/fr\/appel-european-co-development-seance-info-et-atelier-pratique-le-15-decembre-2025\/#primaryimage"},"thumbnailUrl":"https:\/\/creative-europe.lu\/wp-content\/uploads\/2025\/11\/V1_European-Co-Development.png","datePublished":"2025-11-19T14:51:01+00:00","breadcrumb":{"@id":"https:\/\/creative-europe.lu\/fr\/appel-european-co-development-seance-info-et-atelier-pratique-le-15-decembre-2025\/#breadcrumb"},"inLanguage":"fr-FR","potentialAction":[{"@type":"ReadAction","target":["https:\/\/creative-europe.lu\/fr\/appel-european-co-development-seance-info-et-atelier-pratique-le-15-decembre-2025\/"]}]},{"@type":"ImageObject","inLanguage":"fr-FR","@id":"https:\/\/creative-europe.lu\/fr\/appel-european-co-development-seance-info-et-atelier-pratique-le-15-decembre-2025\/#primaryimage","url":"https:\/\/creative-europe.lu\/wp-content\/uploads\/2025\/11\/V1_European-Co-Development.png","contentUrl":"https:\/\/creative-europe.lu\/wp-content\/uploads\/2025\/11\/V1_European-Co-Development.png","width":2048,"height":2560},{"@type":"BreadcrumbList","@id":"https:\/\/creative-europe.lu\/fr\/appel-european-co-development-seance-info-et-atelier-pratique-le-15-decembre-2025\/#breadcrumb","itemListElement":[{"@type":"ListItem","position":1,"name":"Home","item":"https:\/\/creative-europe.lu\/fr\/home\/"},{"@type":"ListItem","position":2,"name":"Appel &#8221; European Co-development&#8221; : S\u00e9ance info et atelier pratique le 15 D\u00e9cembre 2025"}]},{"@type":"WebSite","@id":"https:\/\/creative-europe.lu\/fr\/#website","url":"https:\/\/creative-europe.lu\/fr\/","name":"Creative Europe","description":"","publisher":{"@id":"https:\/\/creative-europe.lu\/fr\/#organization"},"potentialAction":[{"@type":"SearchAction","target":{"@type":"EntryPoint","urlTemplate":"https:\/\/creative-europe.lu\/fr\/?s={search_term_string}"},"query-input":{"@type":"PropertyValueSpecification","valueRequired":true,"valueName":"search_term_string"}}],"inLanguage":"fr-FR"},{"@type":"Organization","@id":"https:\/\/creative-europe.lu\/fr\/#organization","name":"Creative Europe | Desk Luxembourg","url":"https:\/\/creative-europe.lu\/fr\/","logo":{"@type":"ImageObject","inLanguage":"fr-FR","@id":"https:\/\/creative-europe.lu\/fr\/#\/schema\/logo\/image\/","url":"https:\/\/creative-europe.lu\/wp-content\/uploads\/2021\/12\/ce_desklux_blue_logo.png","contentUrl":"https:\/\/creative-europe.lu\/wp-content\/uploads\/2021\/12\/ce_desklux_blue_logo.png","width":2476,"height":527,"caption":"Creative Europe | Desk Luxembourg"},"image":{"@id":"https:\/\/creative-europe.lu\/fr\/#\/schema\/logo\/image\/"}},{"@type":"Person","@id":"https:\/\/creative-europe.lu\/fr\/#\/schema\/person\/87c27110fe1d30c2cf458d8c5e19daba","name":"Sami","image":{"@type":"ImageObject","inLanguage":"fr-FR","@id":"https:\/\/secure.gravatar.com\/avatar\/4ef1b973567d31586ce6b1464ba5fd250fee15bf9fbb8d3c12022538c28592ad?s=96&d=mm&r=g","url":"https:\/\/secure.gravatar.com\/avatar\/4ef1b973567d31586ce6b1464ba5fd250fee15bf9fbb8d3c12022538c28592ad?s=96&d=mm&r=g","contentUrl":"https:\/\/secure.gravatar.com\/avatar\/4ef1b973567d31586ce6b1464ba5fd250fee15bf9fbb8d3c12022538c28592ad?s=96&d=mm&r=g","caption":"Sami"}}]}},"_links":{"self":[{"href":"https:\/\/creative-europe.lu\/fr\/wp-json\/wp\/v2\/posts\/5156","targetHints":{"allow":["GET"]}}],"collection":[{"href":"https:\/\/creative-europe.lu\/fr\/wp-json\/wp\/v2\/posts"}],"about":[{"href":"https:\/\/creative-europe.lu\/fr\/wp-json\/wp\/v2\/types\/post"}],"author":[{"embeddable":true,"href":"https:\/\/creative-europe.lu\/fr\/wp-json\/wp\/v2\/users\/7"}],"replies":[{"embeddable":true,"href":"https:\/\/creative-europe.lu\/fr\/wp-json\/wp\/v2\/comments?post=5156"}],"version-history":[{"count":1,"href":"https:\/\/creative-europe.lu\/fr\/wp-json\/wp\/v2\/posts\/5156\/revisions"}],"predecessor-version":[{"id":5159,"href":"https:\/\/creative-europe.lu\/fr\/wp-json\/wp\/v2\/posts\/5156\/revisions\/5159"}],"wp:featuredmedia":[{"embeddable":true,"href":"https:\/\/creative-europe.lu\/fr\/wp-json\/wp\/v2\/media\/5157"}],"wp:attachment":[{"href":"https:\/\/creative-europe.lu\/fr\/wp-json\/wp\/v2\/media?parent=5156"}],"wp:term":[{"taxonomy":"category","embeddable":true,"href":"https:\/\/creative-europe.lu\/fr\/wp-json\/wp\/v2\/categories?post=5156"},{"taxonomy":"post_tag","embeddable":true,"href":"https:\/\/creative-europe.lu\/fr\/wp-json\/wp\/v2\/tags?post=5156"}],"curies":[{"name":"wp","href":"https:\/\/api.w.org\/{rel}","templated":true}]}}