{"id":5142,"date":"2025-11-11T16:31:16","date_gmt":"2025-11-11T15:31:16","guid":{"rendered":"https:\/\/creative-europe.lu\/?p=5142"},"modified":"2025-11-11T16:31:16","modified_gmt":"2025-11-11T15:31:16","slug":"seance-dinformation-aide-media-au-developpement-de-jeux-video-et-de-contenus-immersifs-mardi-18-novembre-2025-de-15h00-a-16h30","status":"publish","type":"post","link":"https:\/\/creative-europe.lu\/fr\/seance-dinformation-aide-media-au-developpement-de-jeux-video-et-de-contenus-immersifs-mardi-18-novembre-2025-de-15h00-a-16h30\/","title":{"rendered":"S\u00e9ance d\u2019information : Aide MEDIA au d\u00e9veloppement de jeux vid\u00e9o et de contenus immersifs \/ Mardi 18 novembre 2025 \u2014 de 15h00 \u00e0 16h30"},"content":{"rendered":"<p>Les <strong>bureaux Europe Creative France (Relais Culture Europe)<\/strong>, <strong>Wallonie-Bruxelles<\/strong> et <strong>Luxembourg<\/strong> vous invitent \u00e0 une <strong>s\u00e9ance d\u2019information en ligne<\/strong>, en fran\u00e7ais, le <strong>mardi 18 novembre 2025 \u00e0 15h00<\/strong>, consacr\u00e9e \u00e0 <strong>l\u2019aide MEDIA au d\u00e9veloppement de jeux vid\u00e9o et de contenus immersifs<\/strong>.<\/p>\n<p>Cette rencontre s\u2019adresse aux <strong>candidats \u00e0 l\u2019appel 2026<\/strong>, actuellement ouvert <strong>jusqu\u2019au 11 f\u00e9vrier<\/strong>.<\/p>\n<p>\ud83c\udfae <strong>Producteurs et studios int\u00e9ress\u00e9s<\/strong><br \/>\n\ud83d\udcc5 <strong>Mardi 18 novembre 2025 \u2014 de 15h00 \u00e0 16h30<\/strong><br \/>\n\ud83d\udcbb <strong>En ligne<\/strong><br \/>\n\ud83c\udf0d <strong>En fran\u00e7ais<\/strong><br \/>\n\ud83d\udc49 <a href=\"https:\/\/my.weezevent.com\/appels-media-2026-les-rdv-du-relais?_gl=1*8q466j*_gcl_au*OTk0NzQ1NzQuMTc1NzQwMjAzMS4xNTI1OTY1MTQ0LjE3NjI4NTM3MDguMTc2Mjg1MzcxMg..*_ga*NDQwNDgyMTIzLjE3MzI3OTE2NDQ.*_ga_39H9VBFX7G*czE3NjI4NTM3MDYkbzM5JGcxJHQxNzYyODUzNzEzJGo1MyRsMCRoMTE0NDA1MDk1Mw..\">Inscription via Weezevent<\/a><\/p>\n","protected":false},"excerpt":{"rendered":"<p>Les bureaux Europe Creative France (Relais Culture Europe), Wallonie-Bruxelles et Luxembourg vous invitent \u00e0 une s\u00e9ance d\u2019information en ligne, en fran\u00e7ais, le mardi 18 novembre 2025 \u00e0 15h00, consacr\u00e9e \u00e0 l\u2019aide MEDIA au d\u00e9veloppement de jeux vid\u00e9o et de contenus immersifs. Cette rencontre s\u2019adresse aux candidats \u00e0 l\u2019appel 2026, actuellement ouvert jusqu\u2019au 11 f\u00e9vrier. \ud83c\udfae [&hellip;]<\/p>\n","protected":false},"author":7,"featured_media":4888,"comment_status":"open","ping_status":"closed","sticky":false,"template":"","format":"standard","meta":{"_acf_changed":false,"inline_featured_image":false,"footnotes":""},"categories":[17],"tags":[],"class_list":["post-5142","post","type-post","status-publish","format-standard","has-post-thumbnail","hentry","category-media"],"acf":[],"yoast_head":"<!-- This site is optimized with the Yoast SEO plugin v27.3 - https:\/\/yoast.com\/product\/yoast-seo-wordpress\/ -->\n<title>S\u00e9ance d\u2019information : Aide MEDIA au d\u00e9veloppement de jeux vid\u00e9o et de contenus immersifs \/ Mardi 18 novembre 2025 \u2014 de 15h00 \u00e0 16h30 - Creative Europe<\/title>\n<meta name=\"robots\" content=\"index, follow, max-snippet:-1, max-image-preview:large, max-video-preview:-1\" \/>\n<link rel=\"canonical\" href=\"https:\/\/creative-europe.lu\/fr\/seance-dinformation-aide-media-au-developpement-de-jeux-video-et-de-contenus-immersifs-mardi-18-novembre-2025-de-15h00-a-16h30\/\" \/>\n<meta property=\"og:locale\" content=\"fr_FR\" \/>\n<meta property=\"og:type\" content=\"article\" \/>\n<meta property=\"og:title\" content=\"S\u00e9ance d\u2019information : Aide MEDIA au d\u00e9veloppement de jeux vid\u00e9o et de contenus immersifs \/ Mardi 18 novembre 2025 \u2014 de 15h00 \u00e0 16h30 - Creative Europe\" \/>\n<meta property=\"og:description\" content=\"Les bureaux Europe Creative France (Relais Culture Europe), Wallonie-Bruxelles et Luxembourg vous invitent \u00e0 une s\u00e9ance d\u2019information en ligne, en fran\u00e7ais, le mardi 18 novembre 2025 \u00e0 15h00, consacr\u00e9e \u00e0 l\u2019aide MEDIA au d\u00e9veloppement de jeux vid\u00e9o et de contenus immersifs. Cette rencontre s\u2019adresse aux candidats \u00e0 l\u2019appel 2026, actuellement ouvert jusqu\u2019au 11 f\u00e9vrier. \ud83c\udfae [&hellip;]\" \/>\n<meta property=\"og:url\" content=\"https:\/\/creative-europe.lu\/fr\/seance-dinformation-aide-media-au-developpement-de-jeux-video-et-de-contenus-immersifs-mardi-18-novembre-2025-de-15h00-a-16h30\/\" \/>\n<meta property=\"og:site_name\" content=\"Creative Europe\" \/>\n<meta property=\"article:published_time\" content=\"2025-11-11T15:31:16+00:00\" \/>\n<meta property=\"og:image\" content=\"https:\/\/creative-europe.lu\/wp-content\/uploads\/2025\/05\/ce_desklux_black_media_logo.png\" \/>\n\t<meta property=\"og:image:width\" content=\"652\" \/>\n\t<meta property=\"og:image:height\" content=\"206\" \/>\n\t<meta property=\"og:image:type\" content=\"image\/png\" \/>\n<meta name=\"author\" content=\"Sami\" \/>\n<meta name=\"twitter:card\" content=\"summary_large_image\" \/>\n<meta name=\"twitter:label1\" content=\"\u00c9crit par\" \/>\n\t<meta name=\"twitter:data1\" content=\"Sami\" \/>\n\t<meta name=\"twitter:label2\" content=\"Dur\u00e9e de lecture estim\u00e9e\" \/>\n\t<meta name=\"twitter:data2\" content=\"1 minute\" \/>\n<script type=\"application\/ld+json\" class=\"yoast-schema-graph\">{\"@context\":\"https:\\\/\\\/schema.org\",\"@graph\":[{\"@type\":\"Article\",\"@id\":\"https:\\\/\\\/creative-europe.lu\\\/fr\\\/seance-dinformation-aide-media-au-developpement-de-jeux-video-et-de-contenus-immersifs-mardi-18-novembre-2025-de-15h00-a-16h30\\\/#article\",\"isPartOf\":{\"@id\":\"https:\\\/\\\/creative-europe.lu\\\/fr\\\/seance-dinformation-aide-media-au-developpement-de-jeux-video-et-de-contenus-immersifs-mardi-18-novembre-2025-de-15h00-a-16h30\\\/\"},\"author\":{\"name\":\"Sami\",\"@id\":\"https:\\\/\\\/creative-europe.lu\\\/fr\\\/#\\\/schema\\\/person\\\/87c27110fe1d30c2cf458d8c5e19daba\"},\"headline\":\"S\u00e9ance d\u2019information : Aide MEDIA au d\u00e9veloppement de jeux vid\u00e9o et de contenus immersifs \\\/ Mardi 18 novembre 2025 \u2014 de 15h00 \u00e0 16h30\",\"datePublished\":\"2025-11-11T15:31:16+00:00\",\"mainEntityOfPage\":{\"@id\":\"https:\\\/\\\/creative-europe.lu\\\/fr\\\/seance-dinformation-aide-media-au-developpement-de-jeux-video-et-de-contenus-immersifs-mardi-18-novembre-2025-de-15h00-a-16h30\\\/\"},\"wordCount\":98,\"commentCount\":0,\"publisher\":{\"@id\":\"https:\\\/\\\/creative-europe.lu\\\/fr\\\/#organization\"},\"image\":{\"@id\":\"https:\\\/\\\/creative-europe.lu\\\/fr\\\/seance-dinformation-aide-media-au-developpement-de-jeux-video-et-de-contenus-immersifs-mardi-18-novembre-2025-de-15h00-a-16h30\\\/#primaryimage\"},\"thumbnailUrl\":\"https:\\\/\\\/creative-europe.lu\\\/wp-content\\\/uploads\\\/2025\\\/05\\\/ce_desklux_black_media_logo.png\",\"articleSection\":[\"MEDIA\"],\"inLanguage\":\"fr-FR\",\"potentialAction\":[{\"@type\":\"CommentAction\",\"name\":\"Comment\",\"target\":[\"https:\\\/\\\/creative-europe.lu\\\/fr\\\/seance-dinformation-aide-media-au-developpement-de-jeux-video-et-de-contenus-immersifs-mardi-18-novembre-2025-de-15h00-a-16h30\\\/#respond\"]}]},{\"@type\":\"WebPage\",\"@id\":\"https:\\\/\\\/creative-europe.lu\\\/fr\\\/seance-dinformation-aide-media-au-developpement-de-jeux-video-et-de-contenus-immersifs-mardi-18-novembre-2025-de-15h00-a-16h30\\\/\",\"url\":\"https:\\\/\\\/creative-europe.lu\\\/fr\\\/seance-dinformation-aide-media-au-developpement-de-jeux-video-et-de-contenus-immersifs-mardi-18-novembre-2025-de-15h00-a-16h30\\\/\",\"name\":\"S\u00e9ance d\u2019information : Aide MEDIA au d\u00e9veloppement de jeux vid\u00e9o et de contenus immersifs \\\/ Mardi 18 novembre 2025 \u2014 de 15h00 \u00e0 16h30 - Creative Europe\",\"isPartOf\":{\"@id\":\"https:\\\/\\\/creative-europe.lu\\\/fr\\\/#website\"},\"primaryImageOfPage\":{\"@id\":\"https:\\\/\\\/creative-europe.lu\\\/fr\\\/seance-dinformation-aide-media-au-developpement-de-jeux-video-et-de-contenus-immersifs-mardi-18-novembre-2025-de-15h00-a-16h30\\\/#primaryimage\"},\"image\":{\"@id\":\"https:\\\/\\\/creative-europe.lu\\\/fr\\\/seance-dinformation-aide-media-au-developpement-de-jeux-video-et-de-contenus-immersifs-mardi-18-novembre-2025-de-15h00-a-16h30\\\/#primaryimage\"},\"thumbnailUrl\":\"https:\\\/\\\/creative-europe.lu\\\/wp-content\\\/uploads\\\/2025\\\/05\\\/ce_desklux_black_media_logo.png\",\"datePublished\":\"2025-11-11T15:31:16+00:00\",\"breadcrumb\":{\"@id\":\"https:\\\/\\\/creative-europe.lu\\\/fr\\\/seance-dinformation-aide-media-au-developpement-de-jeux-video-et-de-contenus-immersifs-mardi-18-novembre-2025-de-15h00-a-16h30\\\/#breadcrumb\"},\"inLanguage\":\"fr-FR\",\"potentialAction\":[{\"@type\":\"ReadAction\",\"target\":[\"https:\\\/\\\/creative-europe.lu\\\/fr\\\/seance-dinformation-aide-media-au-developpement-de-jeux-video-et-de-contenus-immersifs-mardi-18-novembre-2025-de-15h00-a-16h30\\\/\"]}]},{\"@type\":\"ImageObject\",\"inLanguage\":\"fr-FR\",\"@id\":\"https:\\\/\\\/creative-europe.lu\\\/fr\\\/seance-dinformation-aide-media-au-developpement-de-jeux-video-et-de-contenus-immersifs-mardi-18-novembre-2025-de-15h00-a-16h30\\\/#primaryimage\",\"url\":\"https:\\\/\\\/creative-europe.lu\\\/wp-content\\\/uploads\\\/2025\\\/05\\\/ce_desklux_black_media_logo.png\",\"contentUrl\":\"https:\\\/\\\/creative-europe.lu\\\/wp-content\\\/uploads\\\/2025\\\/05\\\/ce_desklux_black_media_logo.png\",\"width\":652,\"height\":206},{\"@type\":\"BreadcrumbList\",\"@id\":\"https:\\\/\\\/creative-europe.lu\\\/fr\\\/seance-dinformation-aide-media-au-developpement-de-jeux-video-et-de-contenus-immersifs-mardi-18-novembre-2025-de-15h00-a-16h30\\\/#breadcrumb\",\"itemListElement\":[{\"@type\":\"ListItem\",\"position\":1,\"name\":\"Home\",\"item\":\"https:\\\/\\\/creative-europe.lu\\\/fr\\\/home\\\/\"},{\"@type\":\"ListItem\",\"position\":2,\"name\":\"S\u00e9ance d\u2019information : Aide MEDIA au d\u00e9veloppement de jeux vid\u00e9o et de contenus immersifs \\\/ Mardi 18 novembre 2025 \u2014 de 15h00 \u00e0 16h30\"}]},{\"@type\":\"WebSite\",\"@id\":\"https:\\\/\\\/creative-europe.lu\\\/fr\\\/#website\",\"url\":\"https:\\\/\\\/creative-europe.lu\\\/fr\\\/\",\"name\":\"Creative Europe\",\"description\":\"\",\"publisher\":{\"@id\":\"https:\\\/\\\/creative-europe.lu\\\/fr\\\/#organization\"},\"potentialAction\":[{\"@type\":\"SearchAction\",\"target\":{\"@type\":\"EntryPoint\",\"urlTemplate\":\"https:\\\/\\\/creative-europe.lu\\\/fr\\\/?s={search_term_string}\"},\"query-input\":{\"@type\":\"PropertyValueSpecification\",\"valueRequired\":true,\"valueName\":\"search_term_string\"}}],\"inLanguage\":\"fr-FR\"},{\"@type\":\"Organization\",\"@id\":\"https:\\\/\\\/creative-europe.lu\\\/fr\\\/#organization\",\"name\":\"Creative Europe | Desk Luxembourg\",\"url\":\"https:\\\/\\\/creative-europe.lu\\\/fr\\\/\",\"logo\":{\"@type\":\"ImageObject\",\"inLanguage\":\"fr-FR\",\"@id\":\"https:\\\/\\\/creative-europe.lu\\\/fr\\\/#\\\/schema\\\/logo\\\/image\\\/\",\"url\":\"https:\\\/\\\/creative-europe.lu\\\/wp-content\\\/uploads\\\/2021\\\/12\\\/ce_desklux_blue_logo.png\",\"contentUrl\":\"https:\\\/\\\/creative-europe.lu\\\/wp-content\\\/uploads\\\/2021\\\/12\\\/ce_desklux_blue_logo.png\",\"width\":2476,\"height\":527,\"caption\":\"Creative Europe | Desk Luxembourg\"},\"image\":{\"@id\":\"https:\\\/\\\/creative-europe.lu\\\/fr\\\/#\\\/schema\\\/logo\\\/image\\\/\"}},{\"@type\":\"Person\",\"@id\":\"https:\\\/\\\/creative-europe.lu\\\/fr\\\/#\\\/schema\\\/person\\\/87c27110fe1d30c2cf458d8c5e19daba\",\"name\":\"Sami\",\"image\":{\"@type\":\"ImageObject\",\"inLanguage\":\"fr-FR\",\"@id\":\"https:\\\/\\\/secure.gravatar.com\\\/avatar\\\/4ef1b973567d31586ce6b1464ba5fd250fee15bf9fbb8d3c12022538c28592ad?s=96&d=mm&r=g\",\"url\":\"https:\\\/\\\/secure.gravatar.com\\\/avatar\\\/4ef1b973567d31586ce6b1464ba5fd250fee15bf9fbb8d3c12022538c28592ad?s=96&d=mm&r=g\",\"contentUrl\":\"https:\\\/\\\/secure.gravatar.com\\\/avatar\\\/4ef1b973567d31586ce6b1464ba5fd250fee15bf9fbb8d3c12022538c28592ad?s=96&d=mm&r=g\",\"caption\":\"Sami\"}}]}<\/script>\n<!-- \/ Yoast SEO plugin. -->","yoast_head_json":{"title":"S\u00e9ance d\u2019information : Aide MEDIA au d\u00e9veloppement de jeux vid\u00e9o et de contenus immersifs \/ Mardi 18 novembre 2025 \u2014 de 15h00 \u00e0 16h30 - Creative Europe","robots":{"index":"index","follow":"follow","max-snippet":"max-snippet:-1","max-image-preview":"max-image-preview:large","max-video-preview":"max-video-preview:-1"},"canonical":"https:\/\/creative-europe.lu\/fr\/seance-dinformation-aide-media-au-developpement-de-jeux-video-et-de-contenus-immersifs-mardi-18-novembre-2025-de-15h00-a-16h30\/","og_locale":"fr_FR","og_type":"article","og_title":"S\u00e9ance d\u2019information : Aide MEDIA au d\u00e9veloppement de jeux vid\u00e9o et de contenus immersifs \/ Mardi 18 novembre 2025 \u2014 de 15h00 \u00e0 16h30 - Creative Europe","og_description":"Les bureaux Europe Creative France (Relais Culture Europe), Wallonie-Bruxelles et Luxembourg vous invitent \u00e0 une s\u00e9ance d\u2019information en ligne, en fran\u00e7ais, le mardi 18 novembre 2025 \u00e0 15h00, consacr\u00e9e \u00e0 l\u2019aide MEDIA au d\u00e9veloppement de jeux vid\u00e9o et de contenus immersifs. Cette rencontre s\u2019adresse aux candidats \u00e0 l\u2019appel 2026, actuellement ouvert jusqu\u2019au 11 f\u00e9vrier. \ud83c\udfae [&hellip;]","og_url":"https:\/\/creative-europe.lu\/fr\/seance-dinformation-aide-media-au-developpement-de-jeux-video-et-de-contenus-immersifs-mardi-18-novembre-2025-de-15h00-a-16h30\/","og_site_name":"Creative Europe","article_published_time":"2025-11-11T15:31:16+00:00","og_image":[{"width":652,"height":206,"url":"https:\/\/creative-europe.lu\/wp-content\/uploads\/2025\/05\/ce_desklux_black_media_logo.png","type":"image\/png"}],"author":"Sami","twitter_card":"summary_large_image","twitter_misc":{"\u00c9crit par":"Sami","Dur\u00e9e de lecture estim\u00e9e":"1 minute"},"schema":{"@context":"https:\/\/schema.org","@graph":[{"@type":"Article","@id":"https:\/\/creative-europe.lu\/fr\/seance-dinformation-aide-media-au-developpement-de-jeux-video-et-de-contenus-immersifs-mardi-18-novembre-2025-de-15h00-a-16h30\/#article","isPartOf":{"@id":"https:\/\/creative-europe.lu\/fr\/seance-dinformation-aide-media-au-developpement-de-jeux-video-et-de-contenus-immersifs-mardi-18-novembre-2025-de-15h00-a-16h30\/"},"author":{"name":"Sami","@id":"https:\/\/creative-europe.lu\/fr\/#\/schema\/person\/87c27110fe1d30c2cf458d8c5e19daba"},"headline":"S\u00e9ance d\u2019information : Aide MEDIA au d\u00e9veloppement de jeux vid\u00e9o et de contenus immersifs \/ Mardi 18 novembre 2025 \u2014 de 15h00 \u00e0 16h30","datePublished":"2025-11-11T15:31:16+00:00","mainEntityOfPage":{"@id":"https:\/\/creative-europe.lu\/fr\/seance-dinformation-aide-media-au-developpement-de-jeux-video-et-de-contenus-immersifs-mardi-18-novembre-2025-de-15h00-a-16h30\/"},"wordCount":98,"commentCount":0,"publisher":{"@id":"https:\/\/creative-europe.lu\/fr\/#organization"},"image":{"@id":"https:\/\/creative-europe.lu\/fr\/seance-dinformation-aide-media-au-developpement-de-jeux-video-et-de-contenus-immersifs-mardi-18-novembre-2025-de-15h00-a-16h30\/#primaryimage"},"thumbnailUrl":"https:\/\/creative-europe.lu\/wp-content\/uploads\/2025\/05\/ce_desklux_black_media_logo.png","articleSection":["MEDIA"],"inLanguage":"fr-FR","potentialAction":[{"@type":"CommentAction","name":"Comment","target":["https:\/\/creative-europe.lu\/fr\/seance-dinformation-aide-media-au-developpement-de-jeux-video-et-de-contenus-immersifs-mardi-18-novembre-2025-de-15h00-a-16h30\/#respond"]}]},{"@type":"WebPage","@id":"https:\/\/creative-europe.lu\/fr\/seance-dinformation-aide-media-au-developpement-de-jeux-video-et-de-contenus-immersifs-mardi-18-novembre-2025-de-15h00-a-16h30\/","url":"https:\/\/creative-europe.lu\/fr\/seance-dinformation-aide-media-au-developpement-de-jeux-video-et-de-contenus-immersifs-mardi-18-novembre-2025-de-15h00-a-16h30\/","name":"S\u00e9ance d\u2019information : Aide MEDIA au d\u00e9veloppement de jeux vid\u00e9o et de contenus immersifs \/ Mardi 18 novembre 2025 \u2014 de 15h00 \u00e0 16h30 - Creative Europe","isPartOf":{"@id":"https:\/\/creative-europe.lu\/fr\/#website"},"primaryImageOfPage":{"@id":"https:\/\/creative-europe.lu\/fr\/seance-dinformation-aide-media-au-developpement-de-jeux-video-et-de-contenus-immersifs-mardi-18-novembre-2025-de-15h00-a-16h30\/#primaryimage"},"image":{"@id":"https:\/\/creative-europe.lu\/fr\/seance-dinformation-aide-media-au-developpement-de-jeux-video-et-de-contenus-immersifs-mardi-18-novembre-2025-de-15h00-a-16h30\/#primaryimage"},"thumbnailUrl":"https:\/\/creative-europe.lu\/wp-content\/uploads\/2025\/05\/ce_desklux_black_media_logo.png","datePublished":"2025-11-11T15:31:16+00:00","breadcrumb":{"@id":"https:\/\/creative-europe.lu\/fr\/seance-dinformation-aide-media-au-developpement-de-jeux-video-et-de-contenus-immersifs-mardi-18-novembre-2025-de-15h00-a-16h30\/#breadcrumb"},"inLanguage":"fr-FR","potentialAction":[{"@type":"ReadAction","target":["https:\/\/creative-europe.lu\/fr\/seance-dinformation-aide-media-au-developpement-de-jeux-video-et-de-contenus-immersifs-mardi-18-novembre-2025-de-15h00-a-16h30\/"]}]},{"@type":"ImageObject","inLanguage":"fr-FR","@id":"https:\/\/creative-europe.lu\/fr\/seance-dinformation-aide-media-au-developpement-de-jeux-video-et-de-contenus-immersifs-mardi-18-novembre-2025-de-15h00-a-16h30\/#primaryimage","url":"https:\/\/creative-europe.lu\/wp-content\/uploads\/2025\/05\/ce_desklux_black_media_logo.png","contentUrl":"https:\/\/creative-europe.lu\/wp-content\/uploads\/2025\/05\/ce_desklux_black_media_logo.png","width":652,"height":206},{"@type":"BreadcrumbList","@id":"https:\/\/creative-europe.lu\/fr\/seance-dinformation-aide-media-au-developpement-de-jeux-video-et-de-contenus-immersifs-mardi-18-novembre-2025-de-15h00-a-16h30\/#breadcrumb","itemListElement":[{"@type":"ListItem","position":1,"name":"Home","item":"https:\/\/creative-europe.lu\/fr\/home\/"},{"@type":"ListItem","position":2,"name":"S\u00e9ance d\u2019information : Aide MEDIA au d\u00e9veloppement de jeux vid\u00e9o et de contenus immersifs \/ Mardi 18 novembre 2025 \u2014 de 15h00 \u00e0 16h30"}]},{"@type":"WebSite","@id":"https:\/\/creative-europe.lu\/fr\/#website","url":"https:\/\/creative-europe.lu\/fr\/","name":"Creative Europe","description":"","publisher":{"@id":"https:\/\/creative-europe.lu\/fr\/#organization"},"potentialAction":[{"@type":"SearchAction","target":{"@type":"EntryPoint","urlTemplate":"https:\/\/creative-europe.lu\/fr\/?s={search_term_string}"},"query-input":{"@type":"PropertyValueSpecification","valueRequired":true,"valueName":"search_term_string"}}],"inLanguage":"fr-FR"},{"@type":"Organization","@id":"https:\/\/creative-europe.lu\/fr\/#organization","name":"Creative Europe | Desk Luxembourg","url":"https:\/\/creative-europe.lu\/fr\/","logo":{"@type":"ImageObject","inLanguage":"fr-FR","@id":"https:\/\/creative-europe.lu\/fr\/#\/schema\/logo\/image\/","url":"https:\/\/creative-europe.lu\/wp-content\/uploads\/2021\/12\/ce_desklux_blue_logo.png","contentUrl":"https:\/\/creative-europe.lu\/wp-content\/uploads\/2021\/12\/ce_desklux_blue_logo.png","width":2476,"height":527,"caption":"Creative Europe | Desk Luxembourg"},"image":{"@id":"https:\/\/creative-europe.lu\/fr\/#\/schema\/logo\/image\/"}},{"@type":"Person","@id":"https:\/\/creative-europe.lu\/fr\/#\/schema\/person\/87c27110fe1d30c2cf458d8c5e19daba","name":"Sami","image":{"@type":"ImageObject","inLanguage":"fr-FR","@id":"https:\/\/secure.gravatar.com\/avatar\/4ef1b973567d31586ce6b1464ba5fd250fee15bf9fbb8d3c12022538c28592ad?s=96&d=mm&r=g","url":"https:\/\/secure.gravatar.com\/avatar\/4ef1b973567d31586ce6b1464ba5fd250fee15bf9fbb8d3c12022538c28592ad?s=96&d=mm&r=g","contentUrl":"https:\/\/secure.gravatar.com\/avatar\/4ef1b973567d31586ce6b1464ba5fd250fee15bf9fbb8d3c12022538c28592ad?s=96&d=mm&r=g","caption":"Sami"}}]}},"_links":{"self":[{"href":"https:\/\/creative-europe.lu\/fr\/wp-json\/wp\/v2\/posts\/5142","targetHints":{"allow":["GET"]}}],"collection":[{"href":"https:\/\/creative-europe.lu\/fr\/wp-json\/wp\/v2\/posts"}],"about":[{"href":"https:\/\/creative-europe.lu\/fr\/wp-json\/wp\/v2\/types\/post"}],"author":[{"embeddable":true,"href":"https:\/\/creative-europe.lu\/fr\/wp-json\/wp\/v2\/users\/7"}],"replies":[{"embeddable":true,"href":"https:\/\/creative-europe.lu\/fr\/wp-json\/wp\/v2\/comments?post=5142"}],"version-history":[{"count":1,"href":"https:\/\/creative-europe.lu\/fr\/wp-json\/wp\/v2\/posts\/5142\/revisions"}],"predecessor-version":[{"id":5144,"href":"https:\/\/creative-europe.lu\/fr\/wp-json\/wp\/v2\/posts\/5142\/revisions\/5144"}],"wp:featuredmedia":[{"embeddable":true,"href":"https:\/\/creative-europe.lu\/fr\/wp-json\/wp\/v2\/media\/4888"}],"wp:attachment":[{"href":"https:\/\/creative-europe.lu\/fr\/wp-json\/wp\/v2\/media?parent=5142"}],"wp:term":[{"taxonomy":"category","embeddable":true,"href":"https:\/\/creative-europe.lu\/fr\/wp-json\/wp\/v2\/categories?post=5142"},{"taxonomy":"post_tag","embeddable":true,"href":"https:\/\/creative-europe.lu\/fr\/wp-json\/wp\/v2\/tags?post=5142"}],"curies":[{"name":"wp","href":"https:\/\/api.w.org\/{rel}","templated":true}]}}