{"id":4906,"date":"2025-05-27T16:55:44","date_gmt":"2025-05-27T14:55:44","guid":{"rendered":"https:\/\/creative-europe.lu\/?p=4906"},"modified":"2025-06-04T15:20:52","modified_gmt":"2025-06-04T13:20:52","slug":"cannes-2025-six-films-soutenus-par-media-repartent-primes","status":"publish","type":"post","link":"https:\/\/creative-europe.lu\/fr\/cannes-2025-six-films-soutenus-par-media-repartent-primes\/","title":{"rendered":"Cannes 2025 : six films soutenus par MEDIA repartent prim\u00e9s"},"content":{"rendered":"<p data-start=\"299\" data-end=\"741\">Six films soutenus par le programme MEDIA ont \u00e9t\u00e9 r\u00e9compens\u00e9s lors de la 78\u1d49 \u00e9dition du Festival international du film de Cannes.<\/p>\n<p data-start=\"299\" data-end=\"741\">Dans la <strong data-start=\"307\" data-end=\"333\">Comp\u00e9tition officielle<\/strong>, <em data-start=\"335\" data-end=\"354\">Sentimental Value<\/em> de Joachim Trier (coproduction entre la Norv\u00e8ge, la France, le Danemark et l\u2019Allemagne) a re\u00e7u le <strong data-start=\"453\" data-end=\"467\">Grand Prix<\/strong>.<br data-start=\"468\" data-end=\"471\" \/>Le <strong data-start=\"474\" data-end=\"490\">Prix du Jury<\/strong> a \u00e9t\u00e9 attribu\u00e9 \u00e0 <em data-start=\"508\" data-end=\"515\">Sir\u00e2t<\/em> d\u2019Oliver Laxe (coproduction entre l\u2019Espagne et la France).<br data-start=\"574\" data-end=\"577\" \/>Nadine Melliti a obtenu le <strong data-start=\"604\" data-end=\"638\">Prix d\u2019interpr\u00e9tation f\u00e9minine<\/strong> pour son r\u00f4le dans <em data-start=\"658\" data-end=\"678\">La Petite Derni\u00e8re<\/em> de Hafsia Herzi (coproduction entre la France et l\u2019Allemagne).<\/p>\n<p data-start=\"743\" data-end=\"903\">Dans la section <strong data-start=\"759\" data-end=\"780\">Un Certain Regard<\/strong>, le film <em data-start=\"790\" data-end=\"827\">The Mysterious Gaze of the Flamingo<\/em> (Chili\/Espagne) de Diego C\u00e9spedes a remport\u00e9 le <strong data-start=\"876\" data-end=\"902\">Prix Un Certain Regard<\/strong>.<\/p>\n<p data-start=\"905\" data-end=\"1314\">Dans la section <strong data-start=\"921\" data-end=\"950\">La Semaine de la Critique<\/strong>, <em data-start=\"952\" data-end=\"969\">Pee Chai Dai Ka<\/em> de Ratchapoom Boonbunchachoke (coproduction entre la Tha\u00eflande, la France, Singapour et l\u2019Allemagne) a re\u00e7u le <strong data-start=\"1081\" data-end=\"1095\">Grand Prix<\/strong>.<br data-start=\"1096\" data-end=\"1099\" \/>Quant \u00e0 <em data-start=\"1107\" data-end=\"1114\">Imago<\/em> de D\u00e9ni Oumar Pitsaev (coproduction entre la France et la Belgique), le film a obtenu \u00e0 la fois le <strong data-start=\"1214\" data-end=\"1243\">Prix French Touch du jury<\/strong> et le <strong data-start=\"1250\" data-end=\"1272\">Prix de l\u2019\u0152il d\u2019or<\/strong>, qui r\u00e9compense le meilleur documentaire.<\/p>\n<p data-start=\"1316\" data-end=\"1432\">\u00c0 noter qu\u2019au total, <strong data-start=\"1337\" data-end=\"1368\">23 films soutenus par MEDIA<\/strong> ont \u00e9t\u00e9 s\u00e9lectionn\u00e9s dans les diff\u00e9rentes sections du festival.<\/p>\n<p>&nbsp;<\/p>\n","protected":false},"excerpt":{"rendered":"<p>Six films soutenus par le programme MEDIA ont \u00e9t\u00e9 r\u00e9compens\u00e9s lors de la 78\u1d49 \u00e9dition du Festival international du film de Cannes. Dans la Comp\u00e9tition officielle, Sentimental Value de Joachim Trier (coproduction entre la Norv\u00e8ge, la France, le Danemark et l\u2019Allemagne) a re\u00e7u le Grand Prix.Le Prix du Jury a \u00e9t\u00e9 attribu\u00e9 \u00e0 Sir\u00e2t d\u2019Oliver [&hellip;]<\/p>\n","protected":false},"author":7,"featured_media":4917,"comment_status":"open","ping_status":"closed","sticky":false,"template":"","format":"standard","meta":{"_acf_changed":false,"inline_featured_image":false,"footnotes":""},"categories":[17],"tags":[],"class_list":["post-4906","post","type-post","status-publish","format-standard","has-post-thumbnail","hentry","category-media"],"acf":[],"yoast_head":"<!-- This site is optimized with the Yoast SEO plugin v27.3 - https:\/\/yoast.com\/product\/yoast-seo-wordpress\/ -->\n<title>Cannes 2025 : six films soutenus par MEDIA repartent prim\u00e9s - Creative Europe<\/title>\n<meta name=\"robots\" content=\"index, follow, max-snippet:-1, max-image-preview:large, max-video-preview:-1\" \/>\n<link rel=\"canonical\" href=\"https:\/\/creative-europe.lu\/fr\/cannes-2025-six-films-soutenus-par-media-repartent-primes\/\" \/>\n<meta property=\"og:locale\" content=\"fr_FR\" \/>\n<meta property=\"og:type\" content=\"article\" \/>\n<meta property=\"og:title\" content=\"Cannes 2025 : six films soutenus par MEDIA repartent prim\u00e9s - Creative Europe\" \/>\n<meta property=\"og:description\" content=\"Six films soutenus par le programme MEDIA ont \u00e9t\u00e9 r\u00e9compens\u00e9s lors de la 78\u1d49 \u00e9dition du Festival international du film de Cannes. Dans la Comp\u00e9tition officielle, Sentimental Value de Joachim Trier (coproduction entre la Norv\u00e8ge, la France, le Danemark et l\u2019Allemagne) a re\u00e7u le Grand Prix.Le Prix du Jury a \u00e9t\u00e9 attribu\u00e9 \u00e0 Sir\u00e2t d\u2019Oliver [&hellip;]\" \/>\n<meta property=\"og:url\" content=\"https:\/\/creative-europe.lu\/fr\/cannes-2025-six-films-soutenus-par-media-repartent-primes\/\" \/>\n<meta property=\"og:site_name\" content=\"Creative Europe\" \/>\n<meta property=\"article:published_time\" content=\"2025-05-27T14:55:44+00:00\" \/>\n<meta property=\"article:modified_time\" content=\"2025-06-04T13:20:52+00:00\" \/>\n<meta property=\"og:image\" content=\"https:\/\/creative-europe.lu\/wp-content\/uploads\/2025\/05\/affiche_cannes_2025_0.jpg\" \/>\n\t<meta property=\"og:image:width\" content=\"747\" \/>\n\t<meta property=\"og:image:height\" content=\"822\" \/>\n\t<meta property=\"og:image:type\" content=\"image\/jpeg\" \/>\n<meta name=\"author\" content=\"Sami\" \/>\n<meta name=\"twitter:card\" content=\"summary_large_image\" \/>\n<meta name=\"twitter:label1\" content=\"\u00c9crit par\" \/>\n\t<meta name=\"twitter:data1\" content=\"Sami\" \/>\n\t<meta name=\"twitter:label2\" content=\"Dur\u00e9e de lecture estim\u00e9e\" \/>\n\t<meta name=\"twitter:data2\" content=\"2 minutes\" \/>\n<script type=\"application\/ld+json\" class=\"yoast-schema-graph\">{\"@context\":\"https:\\\/\\\/schema.org\",\"@graph\":[{\"@type\":\"Article\",\"@id\":\"https:\\\/\\\/creative-europe.lu\\\/fr\\\/cannes-2025-six-films-soutenus-par-media-repartent-primes\\\/#article\",\"isPartOf\":{\"@id\":\"https:\\\/\\\/creative-europe.lu\\\/fr\\\/cannes-2025-six-films-soutenus-par-media-repartent-primes\\\/\"},\"author\":{\"name\":\"Sami\",\"@id\":\"https:\\\/\\\/creative-europe.lu\\\/fr\\\/#\\\/schema\\\/person\\\/87c27110fe1d30c2cf458d8c5e19daba\"},\"headline\":\"Cannes 2025 : six films soutenus par MEDIA repartent prim\u00e9s\",\"datePublished\":\"2025-05-27T14:55:44+00:00\",\"dateModified\":\"2025-06-04T13:20:52+00:00\",\"mainEntityOfPage\":{\"@id\":\"https:\\\/\\\/creative-europe.lu\\\/fr\\\/cannes-2025-six-films-soutenus-par-media-repartent-primes\\\/\"},\"wordCount\":229,\"commentCount\":0,\"publisher\":{\"@id\":\"https:\\\/\\\/creative-europe.lu\\\/fr\\\/#organization\"},\"image\":{\"@id\":\"https:\\\/\\\/creative-europe.lu\\\/fr\\\/cannes-2025-six-films-soutenus-par-media-repartent-primes\\\/#primaryimage\"},\"thumbnailUrl\":\"https:\\\/\\\/creative-europe.lu\\\/wp-content\\\/uploads\\\/2025\\\/05\\\/affiche_cannes_2025_0.jpg\",\"articleSection\":[\"MEDIA\"],\"inLanguage\":\"fr-FR\",\"potentialAction\":[{\"@type\":\"CommentAction\",\"name\":\"Comment\",\"target\":[\"https:\\\/\\\/creative-europe.lu\\\/fr\\\/cannes-2025-six-films-soutenus-par-media-repartent-primes\\\/#respond\"]}]},{\"@type\":\"WebPage\",\"@id\":\"https:\\\/\\\/creative-europe.lu\\\/fr\\\/cannes-2025-six-films-soutenus-par-media-repartent-primes\\\/\",\"url\":\"https:\\\/\\\/creative-europe.lu\\\/fr\\\/cannes-2025-six-films-soutenus-par-media-repartent-primes\\\/\",\"name\":\"Cannes 2025 : six films soutenus par MEDIA repartent prim\u00e9s - Creative Europe\",\"isPartOf\":{\"@id\":\"https:\\\/\\\/creative-europe.lu\\\/fr\\\/#website\"},\"primaryImageOfPage\":{\"@id\":\"https:\\\/\\\/creative-europe.lu\\\/fr\\\/cannes-2025-six-films-soutenus-par-media-repartent-primes\\\/#primaryimage\"},\"image\":{\"@id\":\"https:\\\/\\\/creative-europe.lu\\\/fr\\\/cannes-2025-six-films-soutenus-par-media-repartent-primes\\\/#primaryimage\"},\"thumbnailUrl\":\"https:\\\/\\\/creative-europe.lu\\\/wp-content\\\/uploads\\\/2025\\\/05\\\/affiche_cannes_2025_0.jpg\",\"datePublished\":\"2025-05-27T14:55:44+00:00\",\"dateModified\":\"2025-06-04T13:20:52+00:00\",\"breadcrumb\":{\"@id\":\"https:\\\/\\\/creative-europe.lu\\\/fr\\\/cannes-2025-six-films-soutenus-par-media-repartent-primes\\\/#breadcrumb\"},\"inLanguage\":\"fr-FR\",\"potentialAction\":[{\"@type\":\"ReadAction\",\"target\":[\"https:\\\/\\\/creative-europe.lu\\\/fr\\\/cannes-2025-six-films-soutenus-par-media-repartent-primes\\\/\"]}]},{\"@type\":\"ImageObject\",\"inLanguage\":\"fr-FR\",\"@id\":\"https:\\\/\\\/creative-europe.lu\\\/fr\\\/cannes-2025-six-films-soutenus-par-media-repartent-primes\\\/#primaryimage\",\"url\":\"https:\\\/\\\/creative-europe.lu\\\/wp-content\\\/uploads\\\/2025\\\/05\\\/affiche_cannes_2025_0.jpg\",\"contentUrl\":\"https:\\\/\\\/creative-europe.lu\\\/wp-content\\\/uploads\\\/2025\\\/05\\\/affiche_cannes_2025_0.jpg\",\"width\":747,\"height\":822},{\"@type\":\"BreadcrumbList\",\"@id\":\"https:\\\/\\\/creative-europe.lu\\\/fr\\\/cannes-2025-six-films-soutenus-par-media-repartent-primes\\\/#breadcrumb\",\"itemListElement\":[{\"@type\":\"ListItem\",\"position\":1,\"name\":\"Home\",\"item\":\"https:\\\/\\\/creative-europe.lu\\\/fr\\\/home\\\/\"},{\"@type\":\"ListItem\",\"position\":2,\"name\":\"Cannes 2025 : six films soutenus par MEDIA repartent prim\u00e9s\"}]},{\"@type\":\"WebSite\",\"@id\":\"https:\\\/\\\/creative-europe.lu\\\/fr\\\/#website\",\"url\":\"https:\\\/\\\/creative-europe.lu\\\/fr\\\/\",\"name\":\"Creative Europe\",\"description\":\"\",\"publisher\":{\"@id\":\"https:\\\/\\\/creative-europe.lu\\\/fr\\\/#organization\"},\"potentialAction\":[{\"@type\":\"SearchAction\",\"target\":{\"@type\":\"EntryPoint\",\"urlTemplate\":\"https:\\\/\\\/creative-europe.lu\\\/fr\\\/?s={search_term_string}\"},\"query-input\":{\"@type\":\"PropertyValueSpecification\",\"valueRequired\":true,\"valueName\":\"search_term_string\"}}],\"inLanguage\":\"fr-FR\"},{\"@type\":\"Organization\",\"@id\":\"https:\\\/\\\/creative-europe.lu\\\/fr\\\/#organization\",\"name\":\"Creative Europe | Desk Luxembourg\",\"url\":\"https:\\\/\\\/creative-europe.lu\\\/fr\\\/\",\"logo\":{\"@type\":\"ImageObject\",\"inLanguage\":\"fr-FR\",\"@id\":\"https:\\\/\\\/creative-europe.lu\\\/fr\\\/#\\\/schema\\\/logo\\\/image\\\/\",\"url\":\"https:\\\/\\\/creative-europe.lu\\\/wp-content\\\/uploads\\\/2021\\\/12\\\/ce_desklux_blue_logo.png\",\"contentUrl\":\"https:\\\/\\\/creative-europe.lu\\\/wp-content\\\/uploads\\\/2021\\\/12\\\/ce_desklux_blue_logo.png\",\"width\":2476,\"height\":527,\"caption\":\"Creative Europe | Desk Luxembourg\"},\"image\":{\"@id\":\"https:\\\/\\\/creative-europe.lu\\\/fr\\\/#\\\/schema\\\/logo\\\/image\\\/\"}},{\"@type\":\"Person\",\"@id\":\"https:\\\/\\\/creative-europe.lu\\\/fr\\\/#\\\/schema\\\/person\\\/87c27110fe1d30c2cf458d8c5e19daba\",\"name\":\"Sami\",\"image\":{\"@type\":\"ImageObject\",\"inLanguage\":\"fr-FR\",\"@id\":\"https:\\\/\\\/secure.gravatar.com\\\/avatar\\\/4ef1b973567d31586ce6b1464ba5fd250fee15bf9fbb8d3c12022538c28592ad?s=96&d=mm&r=g\",\"url\":\"https:\\\/\\\/secure.gravatar.com\\\/avatar\\\/4ef1b973567d31586ce6b1464ba5fd250fee15bf9fbb8d3c12022538c28592ad?s=96&d=mm&r=g\",\"contentUrl\":\"https:\\\/\\\/secure.gravatar.com\\\/avatar\\\/4ef1b973567d31586ce6b1464ba5fd250fee15bf9fbb8d3c12022538c28592ad?s=96&d=mm&r=g\",\"caption\":\"Sami\"}}]}<\/script>\n<!-- \/ Yoast SEO plugin. -->","yoast_head_json":{"title":"Cannes 2025 : six films soutenus par MEDIA repartent prim\u00e9s - Creative Europe","robots":{"index":"index","follow":"follow","max-snippet":"max-snippet:-1","max-image-preview":"max-image-preview:large","max-video-preview":"max-video-preview:-1"},"canonical":"https:\/\/creative-europe.lu\/fr\/cannes-2025-six-films-soutenus-par-media-repartent-primes\/","og_locale":"fr_FR","og_type":"article","og_title":"Cannes 2025 : six films soutenus par MEDIA repartent prim\u00e9s - Creative Europe","og_description":"Six films soutenus par le programme MEDIA ont \u00e9t\u00e9 r\u00e9compens\u00e9s lors de la 78\u1d49 \u00e9dition du Festival international du film de Cannes. Dans la Comp\u00e9tition officielle, Sentimental Value de Joachim Trier (coproduction entre la Norv\u00e8ge, la France, le Danemark et l\u2019Allemagne) a re\u00e7u le Grand Prix.Le Prix du Jury a \u00e9t\u00e9 attribu\u00e9 \u00e0 Sir\u00e2t d\u2019Oliver [&hellip;]","og_url":"https:\/\/creative-europe.lu\/fr\/cannes-2025-six-films-soutenus-par-media-repartent-primes\/","og_site_name":"Creative Europe","article_published_time":"2025-05-27T14:55:44+00:00","article_modified_time":"2025-06-04T13:20:52+00:00","og_image":[{"width":747,"height":822,"url":"https:\/\/creative-europe.lu\/wp-content\/uploads\/2025\/05\/affiche_cannes_2025_0.jpg","type":"image\/jpeg"}],"author":"Sami","twitter_card":"summary_large_image","twitter_misc":{"\u00c9crit par":"Sami","Dur\u00e9e de lecture estim\u00e9e":"2 minutes"},"schema":{"@context":"https:\/\/schema.org","@graph":[{"@type":"Article","@id":"https:\/\/creative-europe.lu\/fr\/cannes-2025-six-films-soutenus-par-media-repartent-primes\/#article","isPartOf":{"@id":"https:\/\/creative-europe.lu\/fr\/cannes-2025-six-films-soutenus-par-media-repartent-primes\/"},"author":{"name":"Sami","@id":"https:\/\/creative-europe.lu\/fr\/#\/schema\/person\/87c27110fe1d30c2cf458d8c5e19daba"},"headline":"Cannes 2025 : six films soutenus par MEDIA repartent prim\u00e9s","datePublished":"2025-05-27T14:55:44+00:00","dateModified":"2025-06-04T13:20:52+00:00","mainEntityOfPage":{"@id":"https:\/\/creative-europe.lu\/fr\/cannes-2025-six-films-soutenus-par-media-repartent-primes\/"},"wordCount":229,"commentCount":0,"publisher":{"@id":"https:\/\/creative-europe.lu\/fr\/#organization"},"image":{"@id":"https:\/\/creative-europe.lu\/fr\/cannes-2025-six-films-soutenus-par-media-repartent-primes\/#primaryimage"},"thumbnailUrl":"https:\/\/creative-europe.lu\/wp-content\/uploads\/2025\/05\/affiche_cannes_2025_0.jpg","articleSection":["MEDIA"],"inLanguage":"fr-FR","potentialAction":[{"@type":"CommentAction","name":"Comment","target":["https:\/\/creative-europe.lu\/fr\/cannes-2025-six-films-soutenus-par-media-repartent-primes\/#respond"]}]},{"@type":"WebPage","@id":"https:\/\/creative-europe.lu\/fr\/cannes-2025-six-films-soutenus-par-media-repartent-primes\/","url":"https:\/\/creative-europe.lu\/fr\/cannes-2025-six-films-soutenus-par-media-repartent-primes\/","name":"Cannes 2025 : six films soutenus par MEDIA repartent prim\u00e9s - Creative Europe","isPartOf":{"@id":"https:\/\/creative-europe.lu\/fr\/#website"},"primaryImageOfPage":{"@id":"https:\/\/creative-europe.lu\/fr\/cannes-2025-six-films-soutenus-par-media-repartent-primes\/#primaryimage"},"image":{"@id":"https:\/\/creative-europe.lu\/fr\/cannes-2025-six-films-soutenus-par-media-repartent-primes\/#primaryimage"},"thumbnailUrl":"https:\/\/creative-europe.lu\/wp-content\/uploads\/2025\/05\/affiche_cannes_2025_0.jpg","datePublished":"2025-05-27T14:55:44+00:00","dateModified":"2025-06-04T13:20:52+00:00","breadcrumb":{"@id":"https:\/\/creative-europe.lu\/fr\/cannes-2025-six-films-soutenus-par-media-repartent-primes\/#breadcrumb"},"inLanguage":"fr-FR","potentialAction":[{"@type":"ReadAction","target":["https:\/\/creative-europe.lu\/fr\/cannes-2025-six-films-soutenus-par-media-repartent-primes\/"]}]},{"@type":"ImageObject","inLanguage":"fr-FR","@id":"https:\/\/creative-europe.lu\/fr\/cannes-2025-six-films-soutenus-par-media-repartent-primes\/#primaryimage","url":"https:\/\/creative-europe.lu\/wp-content\/uploads\/2025\/05\/affiche_cannes_2025_0.jpg","contentUrl":"https:\/\/creative-europe.lu\/wp-content\/uploads\/2025\/05\/affiche_cannes_2025_0.jpg","width":747,"height":822},{"@type":"BreadcrumbList","@id":"https:\/\/creative-europe.lu\/fr\/cannes-2025-six-films-soutenus-par-media-repartent-primes\/#breadcrumb","itemListElement":[{"@type":"ListItem","position":1,"name":"Home","item":"https:\/\/creative-europe.lu\/fr\/home\/"},{"@type":"ListItem","position":2,"name":"Cannes 2025 : six films soutenus par MEDIA repartent prim\u00e9s"}]},{"@type":"WebSite","@id":"https:\/\/creative-europe.lu\/fr\/#website","url":"https:\/\/creative-europe.lu\/fr\/","name":"Creative Europe","description":"","publisher":{"@id":"https:\/\/creative-europe.lu\/fr\/#organization"},"potentialAction":[{"@type":"SearchAction","target":{"@type":"EntryPoint","urlTemplate":"https:\/\/creative-europe.lu\/fr\/?s={search_term_string}"},"query-input":{"@type":"PropertyValueSpecification","valueRequired":true,"valueName":"search_term_string"}}],"inLanguage":"fr-FR"},{"@type":"Organization","@id":"https:\/\/creative-europe.lu\/fr\/#organization","name":"Creative Europe | Desk Luxembourg","url":"https:\/\/creative-europe.lu\/fr\/","logo":{"@type":"ImageObject","inLanguage":"fr-FR","@id":"https:\/\/creative-europe.lu\/fr\/#\/schema\/logo\/image\/","url":"https:\/\/creative-europe.lu\/wp-content\/uploads\/2021\/12\/ce_desklux_blue_logo.png","contentUrl":"https:\/\/creative-europe.lu\/wp-content\/uploads\/2021\/12\/ce_desklux_blue_logo.png","width":2476,"height":527,"caption":"Creative Europe | Desk Luxembourg"},"image":{"@id":"https:\/\/creative-europe.lu\/fr\/#\/schema\/logo\/image\/"}},{"@type":"Person","@id":"https:\/\/creative-europe.lu\/fr\/#\/schema\/person\/87c27110fe1d30c2cf458d8c5e19daba","name":"Sami","image":{"@type":"ImageObject","inLanguage":"fr-FR","@id":"https:\/\/secure.gravatar.com\/avatar\/4ef1b973567d31586ce6b1464ba5fd250fee15bf9fbb8d3c12022538c28592ad?s=96&d=mm&r=g","url":"https:\/\/secure.gravatar.com\/avatar\/4ef1b973567d31586ce6b1464ba5fd250fee15bf9fbb8d3c12022538c28592ad?s=96&d=mm&r=g","contentUrl":"https:\/\/secure.gravatar.com\/avatar\/4ef1b973567d31586ce6b1464ba5fd250fee15bf9fbb8d3c12022538c28592ad?s=96&d=mm&r=g","caption":"Sami"}}]}},"_links":{"self":[{"href":"https:\/\/creative-europe.lu\/fr\/wp-json\/wp\/v2\/posts\/4906","targetHints":{"allow":["GET"]}}],"collection":[{"href":"https:\/\/creative-europe.lu\/fr\/wp-json\/wp\/v2\/posts"}],"about":[{"href":"https:\/\/creative-europe.lu\/fr\/wp-json\/wp\/v2\/types\/post"}],"author":[{"embeddable":true,"href":"https:\/\/creative-europe.lu\/fr\/wp-json\/wp\/v2\/users\/7"}],"replies":[{"embeddable":true,"href":"https:\/\/creative-europe.lu\/fr\/wp-json\/wp\/v2\/comments?post=4906"}],"version-history":[{"count":1,"href":"https:\/\/creative-europe.lu\/fr\/wp-json\/wp\/v2\/posts\/4906\/revisions"}],"predecessor-version":[{"id":4907,"href":"https:\/\/creative-europe.lu\/fr\/wp-json\/wp\/v2\/posts\/4906\/revisions\/4907"}],"wp:featuredmedia":[{"embeddable":true,"href":"https:\/\/creative-europe.lu\/fr\/wp-json\/wp\/v2\/media\/4917"}],"wp:attachment":[{"href":"https:\/\/creative-europe.lu\/fr\/wp-json\/wp\/v2\/media?parent=4906"}],"wp:term":[{"taxonomy":"category","embeddable":true,"href":"https:\/\/creative-europe.lu\/fr\/wp-json\/wp\/v2\/categories?post=4906"},{"taxonomy":"post_tag","embeddable":true,"href":"https:\/\/creative-europe.lu\/fr\/wp-json\/wp\/v2\/tags?post=4906"}],"curies":[{"name":"wp","href":"https:\/\/api.w.org\/{rel}","templated":true}]}}