{"id":2960,"date":"2022-02-11T15:49:54","date_gmt":"2022-02-11T14:49:54","guid":{"rendered":"https:\/\/creative-europe.lu\/?p=2960"},"modified":"2022-03-02T15:50:45","modified_gmt":"2022-03-02T14:50:45","slug":"new-european-bauhaus-festival-call-for-applications","status":"publish","type":"post","link":"https:\/\/creative-europe.lu\/fr\/new-european-bauhaus-festival-call-for-applications\/","title":{"rendered":"New European Bauhaus Festival &#8211; call for applications"},"content":{"rendered":"<div class=\"wpb-content-wrapper\"><p>[vc_row][vc_column width=\u00a0\u00bb1\/3&Prime;][vc_single_image image=\u00a0\u00bb2963&Prime; img_size=\u00a0\u00bbfull\u00a0\u00bb][\/vc_column][vc_column width=\u00a0\u00bb2\/3&Prime;][vc_column_text]The <strong>New European Bauhaus (NEB) Festival will take place from 9 to 12 June<\/strong> \u2013 mainly in Brussels and with satellite events elsewhere.<\/p>\n<p>Faithfull to the NEB spirit, also this Festival is a huge co-creation exercise. The Festival offers many opportunities for individuals and groups to get involved. Whether you want to present a project or initiative at the Fair, showcase artistic or cultural performances at the Fest, or organise a side event in your own country, region or town! It is also possible to offer up your space as a venue to host an event within the festival, such as a project exhibit or an artistic performance.<\/p>\n<p>The deadline for submission has been extended until 21st March 2022.<\/p>\n<p>[\/vc_column_text][\/vc_column][\/vc_row][vc_row][vc_column]        <div class=\"outer-button \">\r\n            <a class=\"coolBeans\" href=\"https:\/\/new-european-bauhaus-festival.eu\/join\/\" target=\"_blank\">\r\n\t\t\t\tMore info<\/a>\r\n        <\/div>\r\n\t\t[\/vc_column][\/vc_row]<\/p>\n<\/div>","protected":false},"excerpt":{"rendered":"<p>[vc_row][vc_column width=\u00a0\u00bb1\/3&Prime;][vc_single_image image=\u00a0\u00bb2963&Prime; img_size=\u00a0\u00bbfull\u00a0\u00bb][\/vc_column][vc_column width=\u00a0\u00bb2\/3&Prime;][vc_column_text]The New European Bauhaus (NEB) Festival will take place from 9 to 12 June \u2013 mainly in Brussels and with satellite events elsewhere. Faithfull to the NEB spirit, also this Festival is a huge co-creation exercise. The Festival offers many opportunities for individuals and groups to get involved. Whether you want [&hellip;]<\/p>\n","protected":false},"author":4,"featured_media":2961,"comment_status":"open","ping_status":"closed","sticky":false,"template":"","format":"standard","meta":{"_acf_changed":false,"inline_featured_image":false,"footnotes":""},"categories":[18],"tags":[],"class_list":["post-2960","post","type-post","status-publish","format-standard","has-post-thumbnail","hentry","category-culture"],"acf":[],"yoast_head":"<!-- This site is optimized with the Yoast SEO plugin v27.3 - https:\/\/yoast.com\/product\/yoast-seo-wordpress\/ -->\n<title>New European Bauhaus Festival - call for applications - Creative Europe<\/title>\n<meta name=\"robots\" content=\"index, follow, max-snippet:-1, max-image-preview:large, max-video-preview:-1\" \/>\n<link rel=\"canonical\" href=\"https:\/\/creative-europe.lu\/fr\/new-european-bauhaus-festival-call-for-applications\/\" \/>\n<meta property=\"og:locale\" content=\"fr_FR\" \/>\n<meta property=\"og:type\" content=\"article\" \/>\n<meta property=\"og:title\" content=\"New European Bauhaus Festival - call for applications - Creative Europe\" \/>\n<meta property=\"og:description\" content=\"[vc_row][vc_column width=\u00a0\u00bb1\/3&Prime;][vc_single_image image=\u00a0\u00bb2963&Prime; img_size=\u00a0\u00bbfull\u00a0\u00bb][\/vc_column][vc_column width=\u00a0\u00bb2\/3&Prime;][vc_column_text]The New European Bauhaus (NEB) Festival will take place from 9 to 12 June \u2013 mainly in Brussels and with satellite events elsewhere. Faithfull to the NEB spirit, also this Festival is a huge co-creation exercise. The Festival offers many opportunities for individuals and groups to get involved. Whether you want [&hellip;]\" \/>\n<meta property=\"og:url\" content=\"https:\/\/creative-europe.lu\/fr\/new-european-bauhaus-festival-call-for-applications\/\" \/>\n<meta property=\"og:site_name\" content=\"Creative Europe\" \/>\n<meta property=\"article:published_time\" content=\"2022-02-11T14:49:54+00:00\" \/>\n<meta property=\"article:modified_time\" content=\"2022-03-02T14:50:45+00:00\" \/>\n<meta property=\"og:image\" content=\"https:\/\/creative-europe.lu\/wp-content\/uploads\/2022\/03\/NEB_Festival_1080x1080.jpg\" \/>\n\t<meta property=\"og:image:width\" content=\"1080\" \/>\n\t<meta property=\"og:image:height\" content=\"1080\" \/>\n\t<meta property=\"og:image:type\" content=\"image\/jpeg\" \/>\n<meta name=\"author\" content=\"Marc\" \/>\n<meta name=\"twitter:card\" content=\"summary_large_image\" \/>\n<meta name=\"twitter:label1\" content=\"\u00c9crit par\" \/>\n\t<meta name=\"twitter:data1\" content=\"Marc\" \/>\n\t<meta name=\"twitter:label2\" content=\"Dur\u00e9e de lecture estim\u00e9e\" \/>\n\t<meta name=\"twitter:data2\" content=\"1 minute\" \/>\n<script type=\"application\/ld+json\" class=\"yoast-schema-graph\">{\"@context\":\"https:\\\/\\\/schema.org\",\"@graph\":[{\"@type\":\"Article\",\"@id\":\"https:\\\/\\\/creative-europe.lu\\\/fr\\\/new-european-bauhaus-festival-call-for-applications\\\/#article\",\"isPartOf\":{\"@id\":\"https:\\\/\\\/creative-europe.lu\\\/fr\\\/new-european-bauhaus-festival-call-for-applications\\\/\"},\"author\":{\"name\":\"Marc\",\"@id\":\"https:\\\/\\\/creative-europe.lu\\\/fr\\\/#\\\/schema\\\/person\\\/9de602462ae721754f094c84731890a5\"},\"headline\":\"New European Bauhaus Festival &#8211; call for applications\",\"datePublished\":\"2022-02-11T14:49:54+00:00\",\"dateModified\":\"2022-03-02T14:50:45+00:00\",\"mainEntityOfPage\":{\"@id\":\"https:\\\/\\\/creative-europe.lu\\\/fr\\\/new-european-bauhaus-festival-call-for-applications\\\/\"},\"wordCount\":180,\"commentCount\":0,\"publisher\":{\"@id\":\"https:\\\/\\\/creative-europe.lu\\\/fr\\\/#organization\"},\"image\":{\"@id\":\"https:\\\/\\\/creative-europe.lu\\\/fr\\\/new-european-bauhaus-festival-call-for-applications\\\/#primaryimage\"},\"thumbnailUrl\":\"https:\\\/\\\/creative-europe.lu\\\/wp-content\\\/uploads\\\/2022\\\/03\\\/NEB_Festival_1080x1080.jpg\",\"articleSection\":[\"Culture\"],\"inLanguage\":\"fr-FR\",\"potentialAction\":[{\"@type\":\"CommentAction\",\"name\":\"Comment\",\"target\":[\"https:\\\/\\\/creative-europe.lu\\\/fr\\\/new-european-bauhaus-festival-call-for-applications\\\/#respond\"]}]},{\"@type\":\"WebPage\",\"@id\":\"https:\\\/\\\/creative-europe.lu\\\/fr\\\/new-european-bauhaus-festival-call-for-applications\\\/\",\"url\":\"https:\\\/\\\/creative-europe.lu\\\/fr\\\/new-european-bauhaus-festival-call-for-applications\\\/\",\"name\":\"New European Bauhaus Festival - call for applications - Creative Europe\",\"isPartOf\":{\"@id\":\"https:\\\/\\\/creative-europe.lu\\\/fr\\\/#website\"},\"primaryImageOfPage\":{\"@id\":\"https:\\\/\\\/creative-europe.lu\\\/fr\\\/new-european-bauhaus-festival-call-for-applications\\\/#primaryimage\"},\"image\":{\"@id\":\"https:\\\/\\\/creative-europe.lu\\\/fr\\\/new-european-bauhaus-festival-call-for-applications\\\/#primaryimage\"},\"thumbnailUrl\":\"https:\\\/\\\/creative-europe.lu\\\/wp-content\\\/uploads\\\/2022\\\/03\\\/NEB_Festival_1080x1080.jpg\",\"datePublished\":\"2022-02-11T14:49:54+00:00\",\"dateModified\":\"2022-03-02T14:50:45+00:00\",\"breadcrumb\":{\"@id\":\"https:\\\/\\\/creative-europe.lu\\\/fr\\\/new-european-bauhaus-festival-call-for-applications\\\/#breadcrumb\"},\"inLanguage\":\"fr-FR\",\"potentialAction\":[{\"@type\":\"ReadAction\",\"target\":[\"https:\\\/\\\/creative-europe.lu\\\/fr\\\/new-european-bauhaus-festival-call-for-applications\\\/\"]}]},{\"@type\":\"ImageObject\",\"inLanguage\":\"fr-FR\",\"@id\":\"https:\\\/\\\/creative-europe.lu\\\/fr\\\/new-european-bauhaus-festival-call-for-applications\\\/#primaryimage\",\"url\":\"https:\\\/\\\/creative-europe.lu\\\/wp-content\\\/uploads\\\/2022\\\/03\\\/NEB_Festival_1080x1080.jpg\",\"contentUrl\":\"https:\\\/\\\/creative-europe.lu\\\/wp-content\\\/uploads\\\/2022\\\/03\\\/NEB_Festival_1080x1080.jpg\",\"width\":1080,\"height\":1080},{\"@type\":\"BreadcrumbList\",\"@id\":\"https:\\\/\\\/creative-europe.lu\\\/fr\\\/new-european-bauhaus-festival-call-for-applications\\\/#breadcrumb\",\"itemListElement\":[{\"@type\":\"ListItem\",\"position\":1,\"name\":\"Home\",\"item\":\"https:\\\/\\\/creative-europe.lu\\\/fr\\\/home\\\/\"},{\"@type\":\"ListItem\",\"position\":2,\"name\":\"New European Bauhaus Festival &#8211; call for applications\"}]},{\"@type\":\"WebSite\",\"@id\":\"https:\\\/\\\/creative-europe.lu\\\/fr\\\/#website\",\"url\":\"https:\\\/\\\/creative-europe.lu\\\/fr\\\/\",\"name\":\"Creative Europe\",\"description\":\"\",\"publisher\":{\"@id\":\"https:\\\/\\\/creative-europe.lu\\\/fr\\\/#organization\"},\"potentialAction\":[{\"@type\":\"SearchAction\",\"target\":{\"@type\":\"EntryPoint\",\"urlTemplate\":\"https:\\\/\\\/creative-europe.lu\\\/fr\\\/?s={search_term_string}\"},\"query-input\":{\"@type\":\"PropertyValueSpecification\",\"valueRequired\":true,\"valueName\":\"search_term_string\"}}],\"inLanguage\":\"fr-FR\"},{\"@type\":\"Organization\",\"@id\":\"https:\\\/\\\/creative-europe.lu\\\/fr\\\/#organization\",\"name\":\"Creative Europe | Desk Luxembourg\",\"url\":\"https:\\\/\\\/creative-europe.lu\\\/fr\\\/\",\"logo\":{\"@type\":\"ImageObject\",\"inLanguage\":\"fr-FR\",\"@id\":\"https:\\\/\\\/creative-europe.lu\\\/fr\\\/#\\\/schema\\\/logo\\\/image\\\/\",\"url\":\"https:\\\/\\\/creative-europe.lu\\\/wp-content\\\/uploads\\\/2021\\\/12\\\/ce_desklux_blue_logo.png\",\"contentUrl\":\"https:\\\/\\\/creative-europe.lu\\\/wp-content\\\/uploads\\\/2021\\\/12\\\/ce_desklux_blue_logo.png\",\"width\":2476,\"height\":527,\"caption\":\"Creative Europe | Desk Luxembourg\"},\"image\":{\"@id\":\"https:\\\/\\\/creative-europe.lu\\\/fr\\\/#\\\/schema\\\/logo\\\/image\\\/\"}},{\"@type\":\"Person\",\"@id\":\"https:\\\/\\\/creative-europe.lu\\\/fr\\\/#\\\/schema\\\/person\\\/9de602462ae721754f094c84731890a5\",\"name\":\"Marc\",\"image\":{\"@type\":\"ImageObject\",\"inLanguage\":\"fr-FR\",\"@id\":\"https:\\\/\\\/secure.gravatar.com\\\/avatar\\\/97d4134111e070041689df7d9b2bfd01fd3b75e2f8d701562f5eebf1bd924df6?s=96&d=mm&r=g\",\"url\":\"https:\\\/\\\/secure.gravatar.com\\\/avatar\\\/97d4134111e070041689df7d9b2bfd01fd3b75e2f8d701562f5eebf1bd924df6?s=96&d=mm&r=g\",\"contentUrl\":\"https:\\\/\\\/secure.gravatar.com\\\/avatar\\\/97d4134111e070041689df7d9b2bfd01fd3b75e2f8d701562f5eebf1bd924df6?s=96&d=mm&r=g\",\"caption\":\"Marc\"}}]}<\/script>\n<!-- \/ Yoast SEO plugin. -->","yoast_head_json":{"title":"New European Bauhaus Festival - call for applications - Creative Europe","robots":{"index":"index","follow":"follow","max-snippet":"max-snippet:-1","max-image-preview":"max-image-preview:large","max-video-preview":"max-video-preview:-1"},"canonical":"https:\/\/creative-europe.lu\/fr\/new-european-bauhaus-festival-call-for-applications\/","og_locale":"fr_FR","og_type":"article","og_title":"New European Bauhaus Festival - call for applications - Creative Europe","og_description":"[vc_row][vc_column width=\u00a0\u00bb1\/3&Prime;][vc_single_image image=\u00a0\u00bb2963&Prime; img_size=\u00a0\u00bbfull\u00a0\u00bb][\/vc_column][vc_column width=\u00a0\u00bb2\/3&Prime;][vc_column_text]The New European Bauhaus (NEB) Festival will take place from 9 to 12 June \u2013 mainly in Brussels and with satellite events elsewhere. Faithfull to the NEB spirit, also this Festival is a huge co-creation exercise. The Festival offers many opportunities for individuals and groups to get involved. Whether you want [&hellip;]","og_url":"https:\/\/creative-europe.lu\/fr\/new-european-bauhaus-festival-call-for-applications\/","og_site_name":"Creative Europe","article_published_time":"2022-02-11T14:49:54+00:00","article_modified_time":"2022-03-02T14:50:45+00:00","og_image":[{"width":1080,"height":1080,"url":"https:\/\/creative-europe.lu\/wp-content\/uploads\/2022\/03\/NEB_Festival_1080x1080.jpg","type":"image\/jpeg"}],"author":"Marc","twitter_card":"summary_large_image","twitter_misc":{"\u00c9crit par":"Marc","Dur\u00e9e de lecture estim\u00e9e":"1 minute"},"schema":{"@context":"https:\/\/schema.org","@graph":[{"@type":"Article","@id":"https:\/\/creative-europe.lu\/fr\/new-european-bauhaus-festival-call-for-applications\/#article","isPartOf":{"@id":"https:\/\/creative-europe.lu\/fr\/new-european-bauhaus-festival-call-for-applications\/"},"author":{"name":"Marc","@id":"https:\/\/creative-europe.lu\/fr\/#\/schema\/person\/9de602462ae721754f094c84731890a5"},"headline":"New European Bauhaus Festival &#8211; call for applications","datePublished":"2022-02-11T14:49:54+00:00","dateModified":"2022-03-02T14:50:45+00:00","mainEntityOfPage":{"@id":"https:\/\/creative-europe.lu\/fr\/new-european-bauhaus-festival-call-for-applications\/"},"wordCount":180,"commentCount":0,"publisher":{"@id":"https:\/\/creative-europe.lu\/fr\/#organization"},"image":{"@id":"https:\/\/creative-europe.lu\/fr\/new-european-bauhaus-festival-call-for-applications\/#primaryimage"},"thumbnailUrl":"https:\/\/creative-europe.lu\/wp-content\/uploads\/2022\/03\/NEB_Festival_1080x1080.jpg","articleSection":["Culture"],"inLanguage":"fr-FR","potentialAction":[{"@type":"CommentAction","name":"Comment","target":["https:\/\/creative-europe.lu\/fr\/new-european-bauhaus-festival-call-for-applications\/#respond"]}]},{"@type":"WebPage","@id":"https:\/\/creative-europe.lu\/fr\/new-european-bauhaus-festival-call-for-applications\/","url":"https:\/\/creative-europe.lu\/fr\/new-european-bauhaus-festival-call-for-applications\/","name":"New European Bauhaus Festival - call for applications - Creative Europe","isPartOf":{"@id":"https:\/\/creative-europe.lu\/fr\/#website"},"primaryImageOfPage":{"@id":"https:\/\/creative-europe.lu\/fr\/new-european-bauhaus-festival-call-for-applications\/#primaryimage"},"image":{"@id":"https:\/\/creative-europe.lu\/fr\/new-european-bauhaus-festival-call-for-applications\/#primaryimage"},"thumbnailUrl":"https:\/\/creative-europe.lu\/wp-content\/uploads\/2022\/03\/NEB_Festival_1080x1080.jpg","datePublished":"2022-02-11T14:49:54+00:00","dateModified":"2022-03-02T14:50:45+00:00","breadcrumb":{"@id":"https:\/\/creative-europe.lu\/fr\/new-european-bauhaus-festival-call-for-applications\/#breadcrumb"},"inLanguage":"fr-FR","potentialAction":[{"@type":"ReadAction","target":["https:\/\/creative-europe.lu\/fr\/new-european-bauhaus-festival-call-for-applications\/"]}]},{"@type":"ImageObject","inLanguage":"fr-FR","@id":"https:\/\/creative-europe.lu\/fr\/new-european-bauhaus-festival-call-for-applications\/#primaryimage","url":"https:\/\/creative-europe.lu\/wp-content\/uploads\/2022\/03\/NEB_Festival_1080x1080.jpg","contentUrl":"https:\/\/creative-europe.lu\/wp-content\/uploads\/2022\/03\/NEB_Festival_1080x1080.jpg","width":1080,"height":1080},{"@type":"BreadcrumbList","@id":"https:\/\/creative-europe.lu\/fr\/new-european-bauhaus-festival-call-for-applications\/#breadcrumb","itemListElement":[{"@type":"ListItem","position":1,"name":"Home","item":"https:\/\/creative-europe.lu\/fr\/home\/"},{"@type":"ListItem","position":2,"name":"New European Bauhaus Festival &#8211; call for applications"}]},{"@type":"WebSite","@id":"https:\/\/creative-europe.lu\/fr\/#website","url":"https:\/\/creative-europe.lu\/fr\/","name":"Creative Europe","description":"","publisher":{"@id":"https:\/\/creative-europe.lu\/fr\/#organization"},"potentialAction":[{"@type":"SearchAction","target":{"@type":"EntryPoint","urlTemplate":"https:\/\/creative-europe.lu\/fr\/?s={search_term_string}"},"query-input":{"@type":"PropertyValueSpecification","valueRequired":true,"valueName":"search_term_string"}}],"inLanguage":"fr-FR"},{"@type":"Organization","@id":"https:\/\/creative-europe.lu\/fr\/#organization","name":"Creative Europe | Desk Luxembourg","url":"https:\/\/creative-europe.lu\/fr\/","logo":{"@type":"ImageObject","inLanguage":"fr-FR","@id":"https:\/\/creative-europe.lu\/fr\/#\/schema\/logo\/image\/","url":"https:\/\/creative-europe.lu\/wp-content\/uploads\/2021\/12\/ce_desklux_blue_logo.png","contentUrl":"https:\/\/creative-europe.lu\/wp-content\/uploads\/2021\/12\/ce_desklux_blue_logo.png","width":2476,"height":527,"caption":"Creative Europe | Desk Luxembourg"},"image":{"@id":"https:\/\/creative-europe.lu\/fr\/#\/schema\/logo\/image\/"}},{"@type":"Person","@id":"https:\/\/creative-europe.lu\/fr\/#\/schema\/person\/9de602462ae721754f094c84731890a5","name":"Marc","image":{"@type":"ImageObject","inLanguage":"fr-FR","@id":"https:\/\/secure.gravatar.com\/avatar\/97d4134111e070041689df7d9b2bfd01fd3b75e2f8d701562f5eebf1bd924df6?s=96&d=mm&r=g","url":"https:\/\/secure.gravatar.com\/avatar\/97d4134111e070041689df7d9b2bfd01fd3b75e2f8d701562f5eebf1bd924df6?s=96&d=mm&r=g","contentUrl":"https:\/\/secure.gravatar.com\/avatar\/97d4134111e070041689df7d9b2bfd01fd3b75e2f8d701562f5eebf1bd924df6?s=96&d=mm&r=g","caption":"Marc"}}]}},"_links":{"self":[{"href":"https:\/\/creative-europe.lu\/fr\/wp-json\/wp\/v2\/posts\/2960","targetHints":{"allow":["GET"]}}],"collection":[{"href":"https:\/\/creative-europe.lu\/fr\/wp-json\/wp\/v2\/posts"}],"about":[{"href":"https:\/\/creative-europe.lu\/fr\/wp-json\/wp\/v2\/types\/post"}],"author":[{"embeddable":true,"href":"https:\/\/creative-europe.lu\/fr\/wp-json\/wp\/v2\/users\/4"}],"replies":[{"embeddable":true,"href":"https:\/\/creative-europe.lu\/fr\/wp-json\/wp\/v2\/comments?post=2960"}],"version-history":[{"count":1,"href":"https:\/\/creative-europe.lu\/fr\/wp-json\/wp\/v2\/posts\/2960\/revisions"}],"predecessor-version":[{"id":2965,"href":"https:\/\/creative-europe.lu\/fr\/wp-json\/wp\/v2\/posts\/2960\/revisions\/2965"}],"wp:featuredmedia":[{"embeddable":true,"href":"https:\/\/creative-europe.lu\/fr\/wp-json\/wp\/v2\/media\/2961"}],"wp:attachment":[{"href":"https:\/\/creative-europe.lu\/fr\/wp-json\/wp\/v2\/media?parent=2960"}],"wp:term":[{"taxonomy":"category","embeddable":true,"href":"https:\/\/creative-europe.lu\/fr\/wp-json\/wp\/v2\/categories?post=2960"},{"taxonomy":"post_tag","embeddable":true,"href":"https:\/\/creative-europe.lu\/fr\/wp-json\/wp\/v2\/tags?post=2960"}],"curies":[{"name":"wp","href":"https:\/\/api.w.org\/{rel}","templated":true}]}}