{"id":2911,"date":"2022-01-19T17:33:41","date_gmt":"2022-01-19T16:33:41","guid":{"rendered":"https:\/\/creative-europe.lu\/?p=2911"},"modified":"2022-02-28T17:44:09","modified_gmt":"2022-02-28T16:44:09","slug":"new-european-bauhaus-prizes-2022","status":"publish","type":"post","link":"https:\/\/creative-europe.lu\/fr\/new-european-bauhaus-prizes-2022\/","title":{"rendered":"New European Bauhaus Prizes 2022"},"content":{"rendered":"<div class=\"wpb-content-wrapper\"><p>[vc_row][vc_column width=\u00a0\u00bb1\/4&Prime;][vc_single_image image=\u00a0\u00bb2917&Prime; img_size=\u00a0\u00bbfull\u00a0\u00bb][\/vc_column][vc_column width=\u00a0\u00bb3\/4&Prime;][vc_column_text]The call for applications for the\u00a0<strong>New European Bauhaus Prizes 2022\u00a0<\/strong>is open until 7th March, 19:00 CET.<\/p>\n<p>Following the 2021 edition, the initiative celebrates in 2022 once again new inspiring examples of the transformations we went to bring about in our daily lives, living spaces and experiences.[\/vc_column_text][\/vc_column][\/vc_row][vc_row][vc_column][vc_column_text]<\/p>\n<h4>What?<\/h4>\n<p>The prizes will recognize and celebrate existing beautiful, sustainable, and inclusive achievements and support the younger generation to further develop emerging concepts and ideas.<\/p>\n<p>There will be prizes in 4 different categories that reflect the thematic axes of transformation identified during the New European Bauhaus\u2019 co-design phase and are inspired by the views and experiences of thousands of EU citizens and organisations:<\/p>\n<ul>\n<li><strong>Reconnecting with nature<\/strong><\/li>\n<li><strong>Regaining a sense of belonging<\/strong><\/li>\n<li><strong>Prioritising the places and people that need it the<\/strong><strong>\u00a0most<\/strong><\/li>\n<li><strong>Shaping a circular industrial ecosystem and supporting life-cycle thinking<\/strong><\/li>\n<\/ul>\n<p>&nbsp;<\/p>\n<p>In each of the categories there are two parallel competition strands:<\/p>\n<ul>\n<li><strong>New European Bauhaus Awards<\/strong>\u00a0for existing completed projects\n<ul>\n<li>The winners will receive\u00a0EUR 30 000 and a communication package<\/li>\n<li>The runners up will receive EUR 20 000 and a communication package<\/li>\n<\/ul>\n<\/li>\n<li><strong>New European Bauhaus Rising Stars<\/strong>\u00a0for ideas by young talents aged 30 or less\n<ul>\n<li>The winners will receive\u00a0EUR 15 000 and a communication package<\/li>\n<li>The runners up will receive EUR 10 000 and a communication package<\/li>\n<\/ul>\n<\/li>\n<\/ul>\n<p>[\/vc_column_text][vc_column_text]<\/p>\n<h4>Who can apply and by when?<\/h4>\n<p>Both EU and non-EU nationals can apply, as long as their concept, idea or project is actually developed and\/or physically located in the EU. Joint\/partner and consortia type applications are possible too, with the same criteria as for EU-based projects.<\/p>\n<p>Young people, under the age of 30 on 7 March 2022 can apply for both competition Strands \u2013 the New European Bauhaus Awards and the New European Bauhaus Rising Stars.\u00a0Project promoters who are over 30 years of age can apply for the New European Bauhaus Awards with projects finalised within the past two years (older projects are not eligible).<\/p>\n<p>Applications may be modified\u00a0as long as they are in draft mode.<\/p>\n<p><strong>The submission deadline has been extended until 7 March 2022 at 19:00 CET<\/strong>.<\/p>\n<h4>How to apply?<\/h4>\n<p>To apply, visit the\u00a0<a class=\"ecl-link\" href=\"https:\/\/prizes.new-european-bauhaus.eu\/\">dedicated platform<\/a>\u00a0where you will find more information on the different categories of the prizes, the detailed guide for applicants in all EU languages, and the official contact point for the prizes.[\/vc_column_text][\/vc_column][\/vc_row][vc_row][vc_column]        <div class=\"outer-button \">\r\n            <a class=\"coolBeans\" href=\"https:\/\/europa.eu\/new-european-bauhaus\/get-involved\/2022-prizes_en\" target=\"_blank\">\r\n\t\t\t\tMore info<\/a>\r\n        <\/div>\r\n\t\t        <div class=\"outer-button \">\r\n            <a class=\"coolBeans\" href=\"https:\/\/europa.eu\/new-european-bauhaus\/get-involved\/2022-prizes_en\" target=\"_blank\">\r\n\t\t\t\tNew European Bauhaus Prizes 2022 platform<\/a>\r\n        <\/div>\r\n\t\t[\/vc_column][\/vc_row]<\/p>\n<\/div>","protected":false},"excerpt":{"rendered":"<p>[vc_row][vc_column width=\u00a0\u00bb1\/4&Prime;][vc_single_image image=\u00a0\u00bb2917&Prime; img_size=\u00a0\u00bbfull\u00a0\u00bb][\/vc_column][vc_column width=\u00a0\u00bb3\/4&Prime;][vc_column_text]The call for applications for the\u00a0New European Bauhaus Prizes 2022\u00a0is open until 7th March, 19:00 CET. Following the 2021 edition, the initiative celebrates in 2022 once again new inspiring examples of the transformations we went to bring about in our daily lives, living spaces and experiences.[\/vc_column_text][\/vc_column][\/vc_row][vc_row][vc_column][vc_column_text] What? The prizes will recognize [&hellip;]<\/p>\n","protected":false},"author":4,"featured_media":2917,"comment_status":"open","ping_status":"closed","sticky":false,"template":"","format":"standard","meta":{"_acf_changed":false,"inline_featured_image":false,"footnotes":""},"categories":[18],"tags":[862],"class_list":["post-2911","post","type-post","status-publish","format-standard","has-post-thumbnail","hentry","category-culture","tag-neb"],"acf":[],"yoast_head":"<!-- This site is optimized with the Yoast SEO plugin v27.3 - https:\/\/yoast.com\/product\/yoast-seo-wordpress\/ -->\n<title>New European Bauhaus Prizes 2022 - Creative Europe<\/title>\n<meta name=\"robots\" content=\"index, follow, max-snippet:-1, max-image-preview:large, max-video-preview:-1\" \/>\n<link rel=\"canonical\" href=\"https:\/\/creative-europe.lu\/fr\/new-european-bauhaus-prizes-2022\/\" \/>\n<meta property=\"og:locale\" content=\"fr_FR\" \/>\n<meta property=\"og:type\" content=\"article\" \/>\n<meta property=\"og:title\" content=\"New European Bauhaus Prizes 2022 - Creative Europe\" \/>\n<meta property=\"og:description\" content=\"[vc_row][vc_column width=\u00a0\u00bb1\/4&Prime;][vc_single_image image=\u00a0\u00bb2917&Prime; img_size=\u00a0\u00bbfull\u00a0\u00bb][\/vc_column][vc_column width=\u00a0\u00bb3\/4&Prime;][vc_column_text]The call for applications for the\u00a0New European Bauhaus Prizes 2022\u00a0is open until 7th March, 19:00 CET. Following the 2021 edition, the initiative celebrates in 2022 once again new inspiring examples of the transformations we went to bring about in our daily lives, living spaces and experiences.[\/vc_column_text][\/vc_column][\/vc_row][vc_row][vc_column][vc_column_text] What? The prizes will recognize [&hellip;]\" \/>\n<meta property=\"og:url\" content=\"https:\/\/creative-europe.lu\/fr\/new-european-bauhaus-prizes-2022\/\" \/>\n<meta property=\"og:site_name\" content=\"Creative Europe\" \/>\n<meta property=\"article:published_time\" content=\"2022-01-19T16:33:41+00:00\" \/>\n<meta property=\"article:modified_time\" content=\"2022-02-28T16:44:09+00:00\" \/>\n<meta property=\"og:image\" content=\"https:\/\/creative-europe.lu\/wp-content\/uploads\/2022\/01\/NEB_prizes_2022-1.jpg\" \/>\n\t<meta property=\"og:image:width\" content=\"1080\" \/>\n\t<meta property=\"og:image:height\" content=\"1080\" \/>\n\t<meta property=\"og:image:type\" content=\"image\/jpeg\" \/>\n<meta name=\"author\" content=\"Marc\" \/>\n<meta name=\"twitter:card\" content=\"summary_large_image\" \/>\n<meta name=\"twitter:label1\" content=\"\u00c9crit par\" \/>\n\t<meta name=\"twitter:data1\" content=\"Marc\" \/>\n\t<meta name=\"twitter:label2\" content=\"Dur\u00e9e de lecture estim\u00e9e\" \/>\n\t<meta name=\"twitter:data2\" content=\"2 minutes\" \/>\n<script type=\"application\/ld+json\" class=\"yoast-schema-graph\">{\"@context\":\"https:\\\/\\\/schema.org\",\"@graph\":[{\"@type\":\"Article\",\"@id\":\"https:\\\/\\\/creative-europe.lu\\\/fr\\\/new-european-bauhaus-prizes-2022\\\/#article\",\"isPartOf\":{\"@id\":\"https:\\\/\\\/creative-europe.lu\\\/fr\\\/new-european-bauhaus-prizes-2022\\\/\"},\"author\":{\"name\":\"Marc\",\"@id\":\"https:\\\/\\\/creative-europe.lu\\\/fr\\\/#\\\/schema\\\/person\\\/9de602462ae721754f094c84731890a5\"},\"headline\":\"New European Bauhaus Prizes 2022\",\"datePublished\":\"2022-01-19T16:33:41+00:00\",\"dateModified\":\"2022-02-28T16:44:09+00:00\",\"mainEntityOfPage\":{\"@id\":\"https:\\\/\\\/creative-europe.lu\\\/fr\\\/new-european-bauhaus-prizes-2022\\\/\"},\"wordCount\":486,\"commentCount\":0,\"publisher\":{\"@id\":\"https:\\\/\\\/creative-europe.lu\\\/fr\\\/#organization\"},\"image\":{\"@id\":\"https:\\\/\\\/creative-europe.lu\\\/fr\\\/new-european-bauhaus-prizes-2022\\\/#primaryimage\"},\"thumbnailUrl\":\"https:\\\/\\\/creative-europe.lu\\\/wp-content\\\/uploads\\\/2022\\\/01\\\/NEB_prizes_2022-1.jpg\",\"keywords\":[\"NEB\"],\"articleSection\":[\"Culture\"],\"inLanguage\":\"fr-FR\",\"potentialAction\":[{\"@type\":\"CommentAction\",\"name\":\"Comment\",\"target\":[\"https:\\\/\\\/creative-europe.lu\\\/fr\\\/new-european-bauhaus-prizes-2022\\\/#respond\"]}]},{\"@type\":\"WebPage\",\"@id\":\"https:\\\/\\\/creative-europe.lu\\\/fr\\\/new-european-bauhaus-prizes-2022\\\/\",\"url\":\"https:\\\/\\\/creative-europe.lu\\\/fr\\\/new-european-bauhaus-prizes-2022\\\/\",\"name\":\"New European Bauhaus Prizes 2022 - Creative Europe\",\"isPartOf\":{\"@id\":\"https:\\\/\\\/creative-europe.lu\\\/fr\\\/#website\"},\"primaryImageOfPage\":{\"@id\":\"https:\\\/\\\/creative-europe.lu\\\/fr\\\/new-european-bauhaus-prizes-2022\\\/#primaryimage\"},\"image\":{\"@id\":\"https:\\\/\\\/creative-europe.lu\\\/fr\\\/new-european-bauhaus-prizes-2022\\\/#primaryimage\"},\"thumbnailUrl\":\"https:\\\/\\\/creative-europe.lu\\\/wp-content\\\/uploads\\\/2022\\\/01\\\/NEB_prizes_2022-1.jpg\",\"datePublished\":\"2022-01-19T16:33:41+00:00\",\"dateModified\":\"2022-02-28T16:44:09+00:00\",\"breadcrumb\":{\"@id\":\"https:\\\/\\\/creative-europe.lu\\\/fr\\\/new-european-bauhaus-prizes-2022\\\/#breadcrumb\"},\"inLanguage\":\"fr-FR\",\"potentialAction\":[{\"@type\":\"ReadAction\",\"target\":[\"https:\\\/\\\/creative-europe.lu\\\/fr\\\/new-european-bauhaus-prizes-2022\\\/\"]}]},{\"@type\":\"ImageObject\",\"inLanguage\":\"fr-FR\",\"@id\":\"https:\\\/\\\/creative-europe.lu\\\/fr\\\/new-european-bauhaus-prizes-2022\\\/#primaryimage\",\"url\":\"https:\\\/\\\/creative-europe.lu\\\/wp-content\\\/uploads\\\/2022\\\/01\\\/NEB_prizes_2022-1.jpg\",\"contentUrl\":\"https:\\\/\\\/creative-europe.lu\\\/wp-content\\\/uploads\\\/2022\\\/01\\\/NEB_prizes_2022-1.jpg\",\"width\":1080,\"height\":1080},{\"@type\":\"BreadcrumbList\",\"@id\":\"https:\\\/\\\/creative-europe.lu\\\/fr\\\/new-european-bauhaus-prizes-2022\\\/#breadcrumb\",\"itemListElement\":[{\"@type\":\"ListItem\",\"position\":1,\"name\":\"Home\",\"item\":\"https:\\\/\\\/creative-europe.lu\\\/fr\\\/home\\\/\"},{\"@type\":\"ListItem\",\"position\":2,\"name\":\"New European Bauhaus Prizes 2022\"}]},{\"@type\":\"WebSite\",\"@id\":\"https:\\\/\\\/creative-europe.lu\\\/fr\\\/#website\",\"url\":\"https:\\\/\\\/creative-europe.lu\\\/fr\\\/\",\"name\":\"Creative Europe\",\"description\":\"\",\"publisher\":{\"@id\":\"https:\\\/\\\/creative-europe.lu\\\/fr\\\/#organization\"},\"potentialAction\":[{\"@type\":\"SearchAction\",\"target\":{\"@type\":\"EntryPoint\",\"urlTemplate\":\"https:\\\/\\\/creative-europe.lu\\\/fr\\\/?s={search_term_string}\"},\"query-input\":{\"@type\":\"PropertyValueSpecification\",\"valueRequired\":true,\"valueName\":\"search_term_string\"}}],\"inLanguage\":\"fr-FR\"},{\"@type\":\"Organization\",\"@id\":\"https:\\\/\\\/creative-europe.lu\\\/fr\\\/#organization\",\"name\":\"Creative Europe | Desk Luxembourg\",\"url\":\"https:\\\/\\\/creative-europe.lu\\\/fr\\\/\",\"logo\":{\"@type\":\"ImageObject\",\"inLanguage\":\"fr-FR\",\"@id\":\"https:\\\/\\\/creative-europe.lu\\\/fr\\\/#\\\/schema\\\/logo\\\/image\\\/\",\"url\":\"https:\\\/\\\/creative-europe.lu\\\/wp-content\\\/uploads\\\/2021\\\/12\\\/ce_desklux_blue_logo.png\",\"contentUrl\":\"https:\\\/\\\/creative-europe.lu\\\/wp-content\\\/uploads\\\/2021\\\/12\\\/ce_desklux_blue_logo.png\",\"width\":2476,\"height\":527,\"caption\":\"Creative Europe | Desk Luxembourg\"},\"image\":{\"@id\":\"https:\\\/\\\/creative-europe.lu\\\/fr\\\/#\\\/schema\\\/logo\\\/image\\\/\"}},{\"@type\":\"Person\",\"@id\":\"https:\\\/\\\/creative-europe.lu\\\/fr\\\/#\\\/schema\\\/person\\\/9de602462ae721754f094c84731890a5\",\"name\":\"Marc\",\"image\":{\"@type\":\"ImageObject\",\"inLanguage\":\"fr-FR\",\"@id\":\"https:\\\/\\\/secure.gravatar.com\\\/avatar\\\/97d4134111e070041689df7d9b2bfd01fd3b75e2f8d701562f5eebf1bd924df6?s=96&d=mm&r=g\",\"url\":\"https:\\\/\\\/secure.gravatar.com\\\/avatar\\\/97d4134111e070041689df7d9b2bfd01fd3b75e2f8d701562f5eebf1bd924df6?s=96&d=mm&r=g\",\"contentUrl\":\"https:\\\/\\\/secure.gravatar.com\\\/avatar\\\/97d4134111e070041689df7d9b2bfd01fd3b75e2f8d701562f5eebf1bd924df6?s=96&d=mm&r=g\",\"caption\":\"Marc\"}}]}<\/script>\n<!-- \/ Yoast SEO plugin. -->","yoast_head_json":{"title":"New European Bauhaus Prizes 2022 - Creative Europe","robots":{"index":"index","follow":"follow","max-snippet":"max-snippet:-1","max-image-preview":"max-image-preview:large","max-video-preview":"max-video-preview:-1"},"canonical":"https:\/\/creative-europe.lu\/fr\/new-european-bauhaus-prizes-2022\/","og_locale":"fr_FR","og_type":"article","og_title":"New European Bauhaus Prizes 2022 - Creative Europe","og_description":"[vc_row][vc_column width=\u00a0\u00bb1\/4&Prime;][vc_single_image image=\u00a0\u00bb2917&Prime; img_size=\u00a0\u00bbfull\u00a0\u00bb][\/vc_column][vc_column width=\u00a0\u00bb3\/4&Prime;][vc_column_text]The call for applications for the\u00a0New European Bauhaus Prizes 2022\u00a0is open until 7th March, 19:00 CET. Following the 2021 edition, the initiative celebrates in 2022 once again new inspiring examples of the transformations we went to bring about in our daily lives, living spaces and experiences.[\/vc_column_text][\/vc_column][\/vc_row][vc_row][vc_column][vc_column_text] What? The prizes will recognize [&hellip;]","og_url":"https:\/\/creative-europe.lu\/fr\/new-european-bauhaus-prizes-2022\/","og_site_name":"Creative Europe","article_published_time":"2022-01-19T16:33:41+00:00","article_modified_time":"2022-02-28T16:44:09+00:00","og_image":[{"width":1080,"height":1080,"url":"https:\/\/creative-europe.lu\/wp-content\/uploads\/2022\/01\/NEB_prizes_2022-1.jpg","type":"image\/jpeg"}],"author":"Marc","twitter_card":"summary_large_image","twitter_misc":{"\u00c9crit par":"Marc","Dur\u00e9e de lecture estim\u00e9e":"2 minutes"},"schema":{"@context":"https:\/\/schema.org","@graph":[{"@type":"Article","@id":"https:\/\/creative-europe.lu\/fr\/new-european-bauhaus-prizes-2022\/#article","isPartOf":{"@id":"https:\/\/creative-europe.lu\/fr\/new-european-bauhaus-prizes-2022\/"},"author":{"name":"Marc","@id":"https:\/\/creative-europe.lu\/fr\/#\/schema\/person\/9de602462ae721754f094c84731890a5"},"headline":"New European Bauhaus Prizes 2022","datePublished":"2022-01-19T16:33:41+00:00","dateModified":"2022-02-28T16:44:09+00:00","mainEntityOfPage":{"@id":"https:\/\/creative-europe.lu\/fr\/new-european-bauhaus-prizes-2022\/"},"wordCount":486,"commentCount":0,"publisher":{"@id":"https:\/\/creative-europe.lu\/fr\/#organization"},"image":{"@id":"https:\/\/creative-europe.lu\/fr\/new-european-bauhaus-prizes-2022\/#primaryimage"},"thumbnailUrl":"https:\/\/creative-europe.lu\/wp-content\/uploads\/2022\/01\/NEB_prizes_2022-1.jpg","keywords":["NEB"],"articleSection":["Culture"],"inLanguage":"fr-FR","potentialAction":[{"@type":"CommentAction","name":"Comment","target":["https:\/\/creative-europe.lu\/fr\/new-european-bauhaus-prizes-2022\/#respond"]}]},{"@type":"WebPage","@id":"https:\/\/creative-europe.lu\/fr\/new-european-bauhaus-prizes-2022\/","url":"https:\/\/creative-europe.lu\/fr\/new-european-bauhaus-prizes-2022\/","name":"New European Bauhaus Prizes 2022 - Creative Europe","isPartOf":{"@id":"https:\/\/creative-europe.lu\/fr\/#website"},"primaryImageOfPage":{"@id":"https:\/\/creative-europe.lu\/fr\/new-european-bauhaus-prizes-2022\/#primaryimage"},"image":{"@id":"https:\/\/creative-europe.lu\/fr\/new-european-bauhaus-prizes-2022\/#primaryimage"},"thumbnailUrl":"https:\/\/creative-europe.lu\/wp-content\/uploads\/2022\/01\/NEB_prizes_2022-1.jpg","datePublished":"2022-01-19T16:33:41+00:00","dateModified":"2022-02-28T16:44:09+00:00","breadcrumb":{"@id":"https:\/\/creative-europe.lu\/fr\/new-european-bauhaus-prizes-2022\/#breadcrumb"},"inLanguage":"fr-FR","potentialAction":[{"@type":"ReadAction","target":["https:\/\/creative-europe.lu\/fr\/new-european-bauhaus-prizes-2022\/"]}]},{"@type":"ImageObject","inLanguage":"fr-FR","@id":"https:\/\/creative-europe.lu\/fr\/new-european-bauhaus-prizes-2022\/#primaryimage","url":"https:\/\/creative-europe.lu\/wp-content\/uploads\/2022\/01\/NEB_prizes_2022-1.jpg","contentUrl":"https:\/\/creative-europe.lu\/wp-content\/uploads\/2022\/01\/NEB_prizes_2022-1.jpg","width":1080,"height":1080},{"@type":"BreadcrumbList","@id":"https:\/\/creative-europe.lu\/fr\/new-european-bauhaus-prizes-2022\/#breadcrumb","itemListElement":[{"@type":"ListItem","position":1,"name":"Home","item":"https:\/\/creative-europe.lu\/fr\/home\/"},{"@type":"ListItem","position":2,"name":"New European Bauhaus Prizes 2022"}]},{"@type":"WebSite","@id":"https:\/\/creative-europe.lu\/fr\/#website","url":"https:\/\/creative-europe.lu\/fr\/","name":"Creative Europe","description":"","publisher":{"@id":"https:\/\/creative-europe.lu\/fr\/#organization"},"potentialAction":[{"@type":"SearchAction","target":{"@type":"EntryPoint","urlTemplate":"https:\/\/creative-europe.lu\/fr\/?s={search_term_string}"},"query-input":{"@type":"PropertyValueSpecification","valueRequired":true,"valueName":"search_term_string"}}],"inLanguage":"fr-FR"},{"@type":"Organization","@id":"https:\/\/creative-europe.lu\/fr\/#organization","name":"Creative Europe | Desk Luxembourg","url":"https:\/\/creative-europe.lu\/fr\/","logo":{"@type":"ImageObject","inLanguage":"fr-FR","@id":"https:\/\/creative-europe.lu\/fr\/#\/schema\/logo\/image\/","url":"https:\/\/creative-europe.lu\/wp-content\/uploads\/2021\/12\/ce_desklux_blue_logo.png","contentUrl":"https:\/\/creative-europe.lu\/wp-content\/uploads\/2021\/12\/ce_desklux_blue_logo.png","width":2476,"height":527,"caption":"Creative Europe | Desk Luxembourg"},"image":{"@id":"https:\/\/creative-europe.lu\/fr\/#\/schema\/logo\/image\/"}},{"@type":"Person","@id":"https:\/\/creative-europe.lu\/fr\/#\/schema\/person\/9de602462ae721754f094c84731890a5","name":"Marc","image":{"@type":"ImageObject","inLanguage":"fr-FR","@id":"https:\/\/secure.gravatar.com\/avatar\/97d4134111e070041689df7d9b2bfd01fd3b75e2f8d701562f5eebf1bd924df6?s=96&d=mm&r=g","url":"https:\/\/secure.gravatar.com\/avatar\/97d4134111e070041689df7d9b2bfd01fd3b75e2f8d701562f5eebf1bd924df6?s=96&d=mm&r=g","contentUrl":"https:\/\/secure.gravatar.com\/avatar\/97d4134111e070041689df7d9b2bfd01fd3b75e2f8d701562f5eebf1bd924df6?s=96&d=mm&r=g","caption":"Marc"}}]}},"_links":{"self":[{"href":"https:\/\/creative-europe.lu\/fr\/wp-json\/wp\/v2\/posts\/2911","targetHints":{"allow":["GET"]}}],"collection":[{"href":"https:\/\/creative-europe.lu\/fr\/wp-json\/wp\/v2\/posts"}],"about":[{"href":"https:\/\/creative-europe.lu\/fr\/wp-json\/wp\/v2\/types\/post"}],"author":[{"embeddable":true,"href":"https:\/\/creative-europe.lu\/fr\/wp-json\/wp\/v2\/users\/4"}],"replies":[{"embeddable":true,"href":"https:\/\/creative-europe.lu\/fr\/wp-json\/wp\/v2\/comments?post=2911"}],"version-history":[{"count":6,"href":"https:\/\/creative-europe.lu\/fr\/wp-json\/wp\/v2\/posts\/2911\/revisions"}],"predecessor-version":[{"id":2914,"href":"https:\/\/creative-europe.lu\/fr\/wp-json\/wp\/v2\/posts\/2911\/revisions\/2914"}],"wp:featuredmedia":[{"embeddable":true,"href":"https:\/\/creative-europe.lu\/fr\/wp-json\/wp\/v2\/media\/2917"}],"wp:attachment":[{"href":"https:\/\/creative-europe.lu\/fr\/wp-json\/wp\/v2\/media?parent=2911"}],"wp:term":[{"taxonomy":"category","embeddable":true,"href":"https:\/\/creative-europe.lu\/fr\/wp-json\/wp\/v2\/categories?post=2911"},{"taxonomy":"post_tag","embeddable":true,"href":"https:\/\/creative-europe.lu\/fr\/wp-json\/wp\/v2\/tags?post=2911"}],"curies":[{"name":"wp","href":"https:\/\/api.w.org\/{rel}","templated":true}]}}