{"id":1403,"date":"2022-01-10T09:59:09","date_gmt":"2022-01-10T09:59:09","guid":{"rendered":"https:\/\/creative-europe.lu\/?p=1403"},"modified":"2022-02-27T21:00:45","modified_gmt":"2022-02-27T20:00:45","slug":"othereufunding-protecting-and-promoting-union-values-cerv","status":"publish","type":"post","link":"https:\/\/creative-europe.lu\/fr\/othereufunding-protecting-and-promoting-union-values-cerv\/","title":{"rendered":"#OtherEUFunding: Protecting and Promoting Union Values (CERV)"},"content":{"rendered":"<div class=\"wpb-content-wrapper\"><p>[vc_row][vc_column width=\u00a0\u00bb2\/3&Prime;][vc_column_text]In a context where many civil society organisations find it difficult to get the funds they need to develop and perform their activities independently and effectively, the European Commission makes available a budget of EUR 51 million to support a vibrant and independent civil society engaged in the promotion and protection of EU values across Members States.<br \/>\nThe purpose of this call for proposals is to select and support a limited number of intermediaries in the greatest number of Member States, capable of building the capacities of a large number of civil society organisations (CSOs) active at local, regional and\/or national level in the fields covered by the CERV programme (Citizens, Equality, Rights and Value Programme), including through providing them with financial support. Priority will be given to small, remote and rural based intermediaries organisations which tend to have more limited capacity and funding sources.<\/p>\n<p>Here is a non-exhaustive list of activities that could be supported under this call:<\/p>\n<ul>\n<li>awareness raising and outreach of rights and values under the EU Treaties and the Charter among the general public and key actors such as policy and law makers, legal professionals and the judiciary; communication and public information through social media;<\/li>\n<li>organisation of civic platforms and civic dialogues linked to EU rights and values themes;<\/li>\n<li>coalitions and partnerships among CSOs; coordination and strategic cooperation between CSOs and other stakeholders, public or private sector entities;<\/li>\n<li>Provision of free advice, watchdog and monitoring activities on EU policies and rights and values under the EU Treaties and the Charter;<\/li>\n<li>promotion of the implementation of adopted laws, regulations and Court cases;<\/li>\n<li>lobbying\/advocacy to influence policy and decision making processes, including revision\/updating\/adoption of policies and legislation;<\/li>\n<li>research and analysis aimed at informing policy-making at EU and national level, development of tools and standards to support EU values;<\/li>\n<li>provision of support services to the target group, such as victims support, training etc.<\/li>\n<\/ul>\n<p>&nbsp;<\/p>\n<p>An online info-session will be organised by the European Commission on 25th January 2022 11:00-13:00 CET.[\/vc_column_text][\/vc_column][vc_column width=\u00a0\u00bb1\/3&Prime;][vc_single_image image=\u00a0\u00bb1423&Prime; img_size=\u00a0\u00bbfull\u00a0\u00bb][\/vc_column][\/vc_row][vc_row][vc_column][vc_btn title=\u00a0\u00bbInfo-Session\u00a0\u00bb link=\u00a0\u00bburl:https%3A%2F%2Fcreative-europe.lu%2Fevent%2Fonline-info-session-call-for-proposals-on-protecting-and-promoting-union-values%2F|title:online%20info-session|target:_blank\u00a0\u00bb][\/vc_column][\/vc_row]<\/p>\n<\/div>","protected":false},"excerpt":{"rendered":"<p>[vc_row][vc_column width=\u00a0\u00bb2\/3&Prime;][vc_column_text]In a context where many civil society organisations find it difficult to get the funds they need to develop and perform their activities independently and effectively, the European Commission makes available a budget of EUR 51 million to support a vibrant and independent civil society engaged in the promotion and protection of EU values [&hellip;]<\/p>\n","protected":false},"author":4,"featured_media":1423,"comment_status":"open","ping_status":"closed","sticky":false,"template":"","format":"standard","meta":{"_acf_changed":false,"inline_featured_image":false,"footnotes":""},"categories":[18],"tags":[74],"class_list":["post-1403","post","type-post","status-publish","format-standard","has-post-thumbnail","hentry","category-culture","tag-othereufunding"],"acf":[],"yoast_head":"<!-- This site is optimized with the Yoast SEO plugin v27.3 - https:\/\/yoast.com\/product\/yoast-seo-wordpress\/ -->\n<title>#OtherEUFunding: Protecting and Promoting Union Values (CERV) - Creative Europe<\/title>\n<meta name=\"robots\" content=\"index, follow, max-snippet:-1, max-image-preview:large, max-video-preview:-1\" \/>\n<link rel=\"canonical\" href=\"https:\/\/creative-europe.lu\/fr\/othereufunding-protecting-and-promoting-union-values-cerv\/\" \/>\n<meta property=\"og:locale\" content=\"fr_FR\" \/>\n<meta property=\"og:type\" content=\"article\" \/>\n<meta property=\"og:title\" content=\"#OtherEUFunding: Protecting and Promoting Union Values (CERV) - Creative Europe\" \/>\n<meta property=\"og:description\" content=\"[vc_row][vc_column width=\u00a0\u00bb2\/3&Prime;][vc_column_text]In a context where many civil society organisations find it difficult to get the funds they need to develop and perform their activities independently and effectively, the European Commission makes available a budget of EUR 51 million to support a vibrant and independent civil society engaged in the promotion and protection of EU values [&hellip;]\" \/>\n<meta property=\"og:url\" content=\"https:\/\/creative-europe.lu\/fr\/othereufunding-protecting-and-promoting-union-values-cerv\/\" \/>\n<meta property=\"og:site_name\" content=\"Creative Europe\" \/>\n<meta property=\"article:published_time\" content=\"2022-01-10T09:59:09+00:00\" \/>\n<meta property=\"article:modified_time\" content=\"2022-02-27T20:00:45+00:00\" \/>\n<meta property=\"og:image\" content=\"https:\/\/creative-europe.lu\/wp-content\/uploads\/2022\/01\/CED_web_square_template.png\" \/>\n\t<meta property=\"og:image:width\" content=\"360\" \/>\n\t<meta property=\"og:image:height\" content=\"360\" \/>\n\t<meta property=\"og:image:type\" content=\"image\/png\" \/>\n<meta name=\"author\" content=\"Marc\" \/>\n<meta name=\"twitter:card\" content=\"summary_large_image\" \/>\n<meta name=\"twitter:label1\" content=\"\u00c9crit par\" \/>\n\t<meta name=\"twitter:data1\" content=\"Marc\" \/>\n\t<meta name=\"twitter:label2\" content=\"Dur\u00e9e de lecture estim\u00e9e\" \/>\n\t<meta name=\"twitter:data2\" content=\"2 minutes\" \/>\n<script type=\"application\/ld+json\" class=\"yoast-schema-graph\">{\"@context\":\"https:\\\/\\\/schema.org\",\"@graph\":[{\"@type\":\"Article\",\"@id\":\"https:\\\/\\\/creative-europe.lu\\\/fr\\\/othereufunding-protecting-and-promoting-union-values-cerv\\\/#article\",\"isPartOf\":{\"@id\":\"https:\\\/\\\/creative-europe.lu\\\/fr\\\/othereufunding-protecting-and-promoting-union-values-cerv\\\/\"},\"author\":{\"name\":\"Marc\",\"@id\":\"https:\\\/\\\/creative-europe.lu\\\/fr\\\/#\\\/schema\\\/person\\\/9de602462ae721754f094c84731890a5\"},\"headline\":\"#OtherEUFunding: Protecting and Promoting Union Values (CERV)\",\"datePublished\":\"2022-01-10T09:59:09+00:00\",\"dateModified\":\"2022-02-27T20:00:45+00:00\",\"mainEntityOfPage\":{\"@id\":\"https:\\\/\\\/creative-europe.lu\\\/fr\\\/othereufunding-protecting-and-promoting-union-values-cerv\\\/\"},\"wordCount\":394,\"commentCount\":0,\"publisher\":{\"@id\":\"https:\\\/\\\/creative-europe.lu\\\/fr\\\/#organization\"},\"image\":{\"@id\":\"https:\\\/\\\/creative-europe.lu\\\/fr\\\/othereufunding-protecting-and-promoting-union-values-cerv\\\/#primaryimage\"},\"thumbnailUrl\":\"https:\\\/\\\/creative-europe.lu\\\/wp-content\\\/uploads\\\/2022\\\/01\\\/CED_web_square_template.png\",\"keywords\":[\"#OtherEUFunding\"],\"articleSection\":[\"Culture\"],\"inLanguage\":\"fr-FR\",\"potentialAction\":[{\"@type\":\"CommentAction\",\"name\":\"Comment\",\"target\":[\"https:\\\/\\\/creative-europe.lu\\\/fr\\\/othereufunding-protecting-and-promoting-union-values-cerv\\\/#respond\"]}]},{\"@type\":\"WebPage\",\"@id\":\"https:\\\/\\\/creative-europe.lu\\\/fr\\\/othereufunding-protecting-and-promoting-union-values-cerv\\\/\",\"url\":\"https:\\\/\\\/creative-europe.lu\\\/fr\\\/othereufunding-protecting-and-promoting-union-values-cerv\\\/\",\"name\":\"#OtherEUFunding: Protecting and Promoting Union Values (CERV) - Creative Europe\",\"isPartOf\":{\"@id\":\"https:\\\/\\\/creative-europe.lu\\\/fr\\\/#website\"},\"primaryImageOfPage\":{\"@id\":\"https:\\\/\\\/creative-europe.lu\\\/fr\\\/othereufunding-protecting-and-promoting-union-values-cerv\\\/#primaryimage\"},\"image\":{\"@id\":\"https:\\\/\\\/creative-europe.lu\\\/fr\\\/othereufunding-protecting-and-promoting-union-values-cerv\\\/#primaryimage\"},\"thumbnailUrl\":\"https:\\\/\\\/creative-europe.lu\\\/wp-content\\\/uploads\\\/2022\\\/01\\\/CED_web_square_template.png\",\"datePublished\":\"2022-01-10T09:59:09+00:00\",\"dateModified\":\"2022-02-27T20:00:45+00:00\",\"breadcrumb\":{\"@id\":\"https:\\\/\\\/creative-europe.lu\\\/fr\\\/othereufunding-protecting-and-promoting-union-values-cerv\\\/#breadcrumb\"},\"inLanguage\":\"fr-FR\",\"potentialAction\":[{\"@type\":\"ReadAction\",\"target\":[\"https:\\\/\\\/creative-europe.lu\\\/fr\\\/othereufunding-protecting-and-promoting-union-values-cerv\\\/\"]}]},{\"@type\":\"ImageObject\",\"inLanguage\":\"fr-FR\",\"@id\":\"https:\\\/\\\/creative-europe.lu\\\/fr\\\/othereufunding-protecting-and-promoting-union-values-cerv\\\/#primaryimage\",\"url\":\"https:\\\/\\\/creative-europe.lu\\\/wp-content\\\/uploads\\\/2022\\\/01\\\/CED_web_square_template.png\",\"contentUrl\":\"https:\\\/\\\/creative-europe.lu\\\/wp-content\\\/uploads\\\/2022\\\/01\\\/CED_web_square_template.png\",\"width\":360,\"height\":360},{\"@type\":\"BreadcrumbList\",\"@id\":\"https:\\\/\\\/creative-europe.lu\\\/fr\\\/othereufunding-protecting-and-promoting-union-values-cerv\\\/#breadcrumb\",\"itemListElement\":[{\"@type\":\"ListItem\",\"position\":1,\"name\":\"Home\",\"item\":\"https:\\\/\\\/creative-europe.lu\\\/fr\\\/home\\\/\"},{\"@type\":\"ListItem\",\"position\":2,\"name\":\"#OtherEUFunding: Protecting and Promoting Union Values (CERV)\"}]},{\"@type\":\"WebSite\",\"@id\":\"https:\\\/\\\/creative-europe.lu\\\/fr\\\/#website\",\"url\":\"https:\\\/\\\/creative-europe.lu\\\/fr\\\/\",\"name\":\"Creative Europe\",\"description\":\"\",\"publisher\":{\"@id\":\"https:\\\/\\\/creative-europe.lu\\\/fr\\\/#organization\"},\"potentialAction\":[{\"@type\":\"SearchAction\",\"target\":{\"@type\":\"EntryPoint\",\"urlTemplate\":\"https:\\\/\\\/creative-europe.lu\\\/fr\\\/?s={search_term_string}\"},\"query-input\":{\"@type\":\"PropertyValueSpecification\",\"valueRequired\":true,\"valueName\":\"search_term_string\"}}],\"inLanguage\":\"fr-FR\"},{\"@type\":\"Organization\",\"@id\":\"https:\\\/\\\/creative-europe.lu\\\/fr\\\/#organization\",\"name\":\"Creative Europe | Desk Luxembourg\",\"url\":\"https:\\\/\\\/creative-europe.lu\\\/fr\\\/\",\"logo\":{\"@type\":\"ImageObject\",\"inLanguage\":\"fr-FR\",\"@id\":\"https:\\\/\\\/creative-europe.lu\\\/fr\\\/#\\\/schema\\\/logo\\\/image\\\/\",\"url\":\"https:\\\/\\\/creative-europe.lu\\\/wp-content\\\/uploads\\\/2021\\\/12\\\/ce_desklux_blue_logo.png\",\"contentUrl\":\"https:\\\/\\\/creative-europe.lu\\\/wp-content\\\/uploads\\\/2021\\\/12\\\/ce_desklux_blue_logo.png\",\"width\":2476,\"height\":527,\"caption\":\"Creative Europe | Desk Luxembourg\"},\"image\":{\"@id\":\"https:\\\/\\\/creative-europe.lu\\\/fr\\\/#\\\/schema\\\/logo\\\/image\\\/\"}},{\"@type\":\"Person\",\"@id\":\"https:\\\/\\\/creative-europe.lu\\\/fr\\\/#\\\/schema\\\/person\\\/9de602462ae721754f094c84731890a5\",\"name\":\"Marc\",\"image\":{\"@type\":\"ImageObject\",\"inLanguage\":\"fr-FR\",\"@id\":\"https:\\\/\\\/secure.gravatar.com\\\/avatar\\\/97d4134111e070041689df7d9b2bfd01fd3b75e2f8d701562f5eebf1bd924df6?s=96&d=mm&r=g\",\"url\":\"https:\\\/\\\/secure.gravatar.com\\\/avatar\\\/97d4134111e070041689df7d9b2bfd01fd3b75e2f8d701562f5eebf1bd924df6?s=96&d=mm&r=g\",\"contentUrl\":\"https:\\\/\\\/secure.gravatar.com\\\/avatar\\\/97d4134111e070041689df7d9b2bfd01fd3b75e2f8d701562f5eebf1bd924df6?s=96&d=mm&r=g\",\"caption\":\"Marc\"}}]}<\/script>\n<!-- \/ Yoast SEO plugin. -->","yoast_head_json":{"title":"#OtherEUFunding: Protecting and Promoting Union Values (CERV) - Creative Europe","robots":{"index":"index","follow":"follow","max-snippet":"max-snippet:-1","max-image-preview":"max-image-preview:large","max-video-preview":"max-video-preview:-1"},"canonical":"https:\/\/creative-europe.lu\/fr\/othereufunding-protecting-and-promoting-union-values-cerv\/","og_locale":"fr_FR","og_type":"article","og_title":"#OtherEUFunding: Protecting and Promoting Union Values (CERV) - Creative Europe","og_description":"[vc_row][vc_column width=\u00a0\u00bb2\/3&Prime;][vc_column_text]In a context where many civil society organisations find it difficult to get the funds they need to develop and perform their activities independently and effectively, the European Commission makes available a budget of EUR 51 million to support a vibrant and independent civil society engaged in the promotion and protection of EU values [&hellip;]","og_url":"https:\/\/creative-europe.lu\/fr\/othereufunding-protecting-and-promoting-union-values-cerv\/","og_site_name":"Creative Europe","article_published_time":"2022-01-10T09:59:09+00:00","article_modified_time":"2022-02-27T20:00:45+00:00","og_image":[{"width":360,"height":360,"url":"https:\/\/creative-europe.lu\/wp-content\/uploads\/2022\/01\/CED_web_square_template.png","type":"image\/png"}],"author":"Marc","twitter_card":"summary_large_image","twitter_misc":{"\u00c9crit par":"Marc","Dur\u00e9e de lecture estim\u00e9e":"2 minutes"},"schema":{"@context":"https:\/\/schema.org","@graph":[{"@type":"Article","@id":"https:\/\/creative-europe.lu\/fr\/othereufunding-protecting-and-promoting-union-values-cerv\/#article","isPartOf":{"@id":"https:\/\/creative-europe.lu\/fr\/othereufunding-protecting-and-promoting-union-values-cerv\/"},"author":{"name":"Marc","@id":"https:\/\/creative-europe.lu\/fr\/#\/schema\/person\/9de602462ae721754f094c84731890a5"},"headline":"#OtherEUFunding: Protecting and Promoting Union Values (CERV)","datePublished":"2022-01-10T09:59:09+00:00","dateModified":"2022-02-27T20:00:45+00:00","mainEntityOfPage":{"@id":"https:\/\/creative-europe.lu\/fr\/othereufunding-protecting-and-promoting-union-values-cerv\/"},"wordCount":394,"commentCount":0,"publisher":{"@id":"https:\/\/creative-europe.lu\/fr\/#organization"},"image":{"@id":"https:\/\/creative-europe.lu\/fr\/othereufunding-protecting-and-promoting-union-values-cerv\/#primaryimage"},"thumbnailUrl":"https:\/\/creative-europe.lu\/wp-content\/uploads\/2022\/01\/CED_web_square_template.png","keywords":["#OtherEUFunding"],"articleSection":["Culture"],"inLanguage":"fr-FR","potentialAction":[{"@type":"CommentAction","name":"Comment","target":["https:\/\/creative-europe.lu\/fr\/othereufunding-protecting-and-promoting-union-values-cerv\/#respond"]}]},{"@type":"WebPage","@id":"https:\/\/creative-europe.lu\/fr\/othereufunding-protecting-and-promoting-union-values-cerv\/","url":"https:\/\/creative-europe.lu\/fr\/othereufunding-protecting-and-promoting-union-values-cerv\/","name":"#OtherEUFunding: Protecting and Promoting Union Values (CERV) - Creative Europe","isPartOf":{"@id":"https:\/\/creative-europe.lu\/fr\/#website"},"primaryImageOfPage":{"@id":"https:\/\/creative-europe.lu\/fr\/othereufunding-protecting-and-promoting-union-values-cerv\/#primaryimage"},"image":{"@id":"https:\/\/creative-europe.lu\/fr\/othereufunding-protecting-and-promoting-union-values-cerv\/#primaryimage"},"thumbnailUrl":"https:\/\/creative-europe.lu\/wp-content\/uploads\/2022\/01\/CED_web_square_template.png","datePublished":"2022-01-10T09:59:09+00:00","dateModified":"2022-02-27T20:00:45+00:00","breadcrumb":{"@id":"https:\/\/creative-europe.lu\/fr\/othereufunding-protecting-and-promoting-union-values-cerv\/#breadcrumb"},"inLanguage":"fr-FR","potentialAction":[{"@type":"ReadAction","target":["https:\/\/creative-europe.lu\/fr\/othereufunding-protecting-and-promoting-union-values-cerv\/"]}]},{"@type":"ImageObject","inLanguage":"fr-FR","@id":"https:\/\/creative-europe.lu\/fr\/othereufunding-protecting-and-promoting-union-values-cerv\/#primaryimage","url":"https:\/\/creative-europe.lu\/wp-content\/uploads\/2022\/01\/CED_web_square_template.png","contentUrl":"https:\/\/creative-europe.lu\/wp-content\/uploads\/2022\/01\/CED_web_square_template.png","width":360,"height":360},{"@type":"BreadcrumbList","@id":"https:\/\/creative-europe.lu\/fr\/othereufunding-protecting-and-promoting-union-values-cerv\/#breadcrumb","itemListElement":[{"@type":"ListItem","position":1,"name":"Home","item":"https:\/\/creative-europe.lu\/fr\/home\/"},{"@type":"ListItem","position":2,"name":"#OtherEUFunding: Protecting and Promoting Union Values (CERV)"}]},{"@type":"WebSite","@id":"https:\/\/creative-europe.lu\/fr\/#website","url":"https:\/\/creative-europe.lu\/fr\/","name":"Creative Europe","description":"","publisher":{"@id":"https:\/\/creative-europe.lu\/fr\/#organization"},"potentialAction":[{"@type":"SearchAction","target":{"@type":"EntryPoint","urlTemplate":"https:\/\/creative-europe.lu\/fr\/?s={search_term_string}"},"query-input":{"@type":"PropertyValueSpecification","valueRequired":true,"valueName":"search_term_string"}}],"inLanguage":"fr-FR"},{"@type":"Organization","@id":"https:\/\/creative-europe.lu\/fr\/#organization","name":"Creative Europe | Desk Luxembourg","url":"https:\/\/creative-europe.lu\/fr\/","logo":{"@type":"ImageObject","inLanguage":"fr-FR","@id":"https:\/\/creative-europe.lu\/fr\/#\/schema\/logo\/image\/","url":"https:\/\/creative-europe.lu\/wp-content\/uploads\/2021\/12\/ce_desklux_blue_logo.png","contentUrl":"https:\/\/creative-europe.lu\/wp-content\/uploads\/2021\/12\/ce_desklux_blue_logo.png","width":2476,"height":527,"caption":"Creative Europe | Desk Luxembourg"},"image":{"@id":"https:\/\/creative-europe.lu\/fr\/#\/schema\/logo\/image\/"}},{"@type":"Person","@id":"https:\/\/creative-europe.lu\/fr\/#\/schema\/person\/9de602462ae721754f094c84731890a5","name":"Marc","image":{"@type":"ImageObject","inLanguage":"fr-FR","@id":"https:\/\/secure.gravatar.com\/avatar\/97d4134111e070041689df7d9b2bfd01fd3b75e2f8d701562f5eebf1bd924df6?s=96&d=mm&r=g","url":"https:\/\/secure.gravatar.com\/avatar\/97d4134111e070041689df7d9b2bfd01fd3b75e2f8d701562f5eebf1bd924df6?s=96&d=mm&r=g","contentUrl":"https:\/\/secure.gravatar.com\/avatar\/97d4134111e070041689df7d9b2bfd01fd3b75e2f8d701562f5eebf1bd924df6?s=96&d=mm&r=g","caption":"Marc"}}]}},"_links":{"self":[{"href":"https:\/\/creative-europe.lu\/fr\/wp-json\/wp\/v2\/posts\/1403","targetHints":{"allow":["GET"]}}],"collection":[{"href":"https:\/\/creative-europe.lu\/fr\/wp-json\/wp\/v2\/posts"}],"about":[{"href":"https:\/\/creative-europe.lu\/fr\/wp-json\/wp\/v2\/types\/post"}],"author":[{"embeddable":true,"href":"https:\/\/creative-europe.lu\/fr\/wp-json\/wp\/v2\/users\/4"}],"replies":[{"embeddable":true,"href":"https:\/\/creative-europe.lu\/fr\/wp-json\/wp\/v2\/comments?post=1403"}],"version-history":[{"count":14,"href":"https:\/\/creative-europe.lu\/fr\/wp-json\/wp\/v2\/posts\/1403\/revisions"}],"predecessor-version":[{"id":2878,"href":"https:\/\/creative-europe.lu\/fr\/wp-json\/wp\/v2\/posts\/1403\/revisions\/2878"}],"wp:featuredmedia":[{"embeddable":true,"href":"https:\/\/creative-europe.lu\/fr\/wp-json\/wp\/v2\/media\/1423"}],"wp:attachment":[{"href":"https:\/\/creative-europe.lu\/fr\/wp-json\/wp\/v2\/media?parent=1403"}],"wp:term":[{"taxonomy":"category","embeddable":true,"href":"https:\/\/creative-europe.lu\/fr\/wp-json\/wp\/v2\/categories?post=1403"},{"taxonomy":"post_tag","embeddable":true,"href":"https:\/\/creative-europe.lu\/fr\/wp-json\/wp\/v2\/tags?post=1403"}],"curies":[{"name":"wp","href":"https:\/\/api.w.org\/{rel}","templated":true}]}}